{"id":966,"date":"2022-11-16T15:02:16","date_gmt":"2022-11-16T14:02:16","guid":{"rendered":"https:\/\/hoerakustik-lehmann.de\/cl\/?p=966"},"modified":"2022-11-16T15:02:53","modified_gmt":"2022-11-16T14:02:53","slug":"weihnachten-das-fest-der-liebe","status":"publish","type":"post","link":"https:\/\/hoerakustik-lehmann.de\/cl\/weihnachten-das-fest-der-liebe\/","title":{"rendered":"Weihnachten das Fest der Liebe"},"content":{"rendered":"<p>Sie tragen bald ein neues H\u00f6rsystem? Dann spenden Sie Ihr altes doch f\u00fcr andere Schwerh\u00f6rige!<\/p>\n<p>Weltweit ben\u00f6tigen sehr viele Menschen dringend H\u00f6rhilfen. Aber es gibt Regionen, in denen der Erwerb eines H\u00f6rger\u00e4tes fast unm\u00f6glich oder auch unerschwinglich ist. Mit gebrauchten und noch funktionst\u00fcchtigen H\u00f6rsystemen kann man f\u00fcr Menschen in armen Regionen oder Krisengebietern wertvolle Hilfe leisten.<\/p>\n<p>Sie stehen vor einer neuen H\u00f6rger\u00e4teversorgung? Ihr altes H\u00f6rsystem reicht f\u00fcr Ihre Bed\u00fcrfnissen nicht mehr aus? F\u00fcr den Elektroschrott ist es zu schade?<\/p>\n<p>Mittlerweile gibt es sehr viele Institutionen, die gebrauchte H\u00f6rsysteme sammeln, um diese an bed\u00fcrftige Schwerh\u00f6rige in anderen L\u00e4ndern weiterzugeben. Vor dem Versand werden die Ger\u00e4te von Profis, also durch Akustiker, gepr\u00fcft, gereinigt und so aufbereitet, dass diese noch einmal genutzt werden k\u00f6nnen. Deshalb: Werfen Sie ein gebrauchtes H\u00f6rsystem nicht in den M\u00fcll, sondern spenden Sie es.<\/p>\n<p>Die passenden Anlaufstellen finden Sie im Internet oder fragen Sie Ihren H\u00f6rakustiker.<\/p>\n<p>Sie suchen noch ein Weihnachtsgeschenk f\u00fcr einen lieben schwerh\u00f6rigen Menschen?<\/p>\n<p>Fragen Sie nach unseren Weihnachts-Geschenkideen.<\/p>\n<p>Bild: unsplash<\/p>\n","protected":false},"excerpt":{"rendered":"<p>Sie tragen bald ein neues H\u00f6rsystem? Dann spenden Sie Ihr altes doch f\u00fcr andere Schwerh\u00f6rige! Weltweit ben\u00f6tigen sehr viele Menschen dringend H\u00f6rhilfen. Aber es gibt Regionen, in denen der Erwerb eines H\u00f6rger\u00e4tes fast unm\u00f6glich oder auch unerschwinglich ist. Mit gebrauchten und noch funktionst\u00fcchtigen H\u00f6rsystemen kann man f\u00fcr Menschen in armen Regionen oder Krisengebietern wertvolle Hilfe [&hellip;]<\/p>\n","protected":false},"author":1,"featured_media":968,"comment_status":"open","ping_status":"open","sticky":false,"template":"","format":"standard","meta":{"_mi_skip_tracking":false,"_monsterinsights_sitenote_active":false,"_monsterinsights_sitenote_note":"","_monsterinsights_sitenote_category":0,"footnotes":""},"categories":[3],"tags":[37,32,28,38,36,34],"class_list":["post-966","post","type-post","status-publish","format-standard","has-post-thumbnail","hentry","category-hoerakustik","tag-hoerakustiker","tag-hoergeraet-kaufen","tag-hoergeraete-check-berlin","tag-hoersystem","tag-hoerverlust","tag-hoervermoegen"],"yoast_head":"<!-- This site is optimized with the Yoast SEO plugin v25.3.1 - https:\/\/yoast.com\/wordpress\/plugins\/seo\/ -->\n<title>Weihnachten das Fest der Liebe - H\u00f6rger\u00e4te in Berlin - H\u00f6rakustik Lehmann<\/title>\n<meta name=\"description\" content=\"Wir haben ein paar Tipps f\u00fcr Sie zusammengestellt, um Ihnen das Leben mit Akku-H\u00f6rsystem von Anfang an angenehm und leicht zu gestalten:\" \/>\n<meta name=\"robots\" content=\"index, follow, max-snippet:-1, max-image-preview:large, max-video-preview:-1\" \/>\n<link rel=\"canonical\" href=\"https:\/\/hoerakustik-lehmann.de\/cl\/weihnachten-das-fest-der-liebe\/\" \/>\n<meta property=\"og:locale\" content=\"de_DE\" \/>\n<meta property=\"og:type\" content=\"article\" \/>\n<meta property=\"og:title\" content=\"Weihnachten das Fest der Liebe - H\u00f6rger\u00e4te in Berlin - H\u00f6rakustik Lehmann\" \/>\n<meta property=\"og:description\" content=\"Wir haben ein paar Tipps f\u00fcr Sie zusammengestellt, um Ihnen das Leben mit Akku-H\u00f6rsystem von Anfang an angenehm und leicht zu gestalten:\" \/>\n<meta property=\"og:url\" content=\"https:\/\/hoerakustik-lehmann.de\/cl\/weihnachten-das-fest-der-liebe\/\" \/>\n<meta property=\"og:site_name\" content=\"H\u00f6rger\u00e4te in Berlin - H\u00f6rakustik Lehmann\" \/>\n<meta property=\"article:published_time\" content=\"2022-11-16T14:02:16+00:00\" \/>\n<meta property=\"article:modified_time\" content=\"2022-11-16T14:02:53+00:00\" \/>\n<meta property=\"og:image\" content=\"https:\/\/hoerakustik-lehmann.de\/cl\/wp-content\/uploads\/2022\/11\/kira-auf-der-heide-lxy2dooxesq-unsplash-scaled.jpg\" \/>\n\t<meta property=\"og:image:width\" content=\"2560\" \/>\n\t<meta property=\"og:image:height\" content=\"1707\" \/>\n\t<meta property=\"og:image:type\" content=\"image\/jpeg\" \/>\n<meta name=\"author\" content=\"audima\" \/>\n<meta name=\"twitter:card\" content=\"summary_large_image\" \/>\n<meta name=\"twitter:label1\" content=\"Verfasst von\" \/>\n\t<meta name=\"twitter:data1\" content=\"audima\" \/>\n\t<meta name=\"twitter:label2\" content=\"Gesch\u00e4tzte Lesezeit\" \/>\n\t<meta name=\"twitter:data2\" content=\"1\u00a0Minute\" \/>\n<script type=\"application\/ld+json\" class=\"yoast-schema-graph\">{\"@context\":\"https:\/\/schema.org\",\"@graph\":[{\"@type\":\"Article\",\"@id\":\"https:\/\/hoerakustik-lehmann.de\/cl\/weihnachten-das-fest-der-liebe\/#article\",\"isPartOf\":{\"@id\":\"https:\/\/hoerakustik-lehmann.de\/cl\/weihnachten-das-fest-der-liebe\/\"},\"author\":{\"name\":\"audima\",\"@id\":\"https:\/\/hoerakustik-lehmann.de\/cl\/#\/schema\/person\/4d7b00780407818acdb20174f8352e58\"},\"headline\":\"Weihnachten das Fest der Liebe\",\"datePublished\":\"2022-11-16T14:02:16+00:00\",\"dateModified\":\"2022-11-16T14:02:53+00:00\",\"mainEntityOfPage\":{\"@id\":\"https:\/\/hoerakustik-lehmann.de\/cl\/weihnachten-das-fest-der-liebe\/\"},\"wordCount\":198,\"commentCount\":0,\"publisher\":{\"@id\":\"https:\/\/hoerakustik-lehmann.de\/cl\/#organization\"},\"image\":{\"@id\":\"https:\/\/hoerakustik-lehmann.de\/cl\/weihnachten-das-fest-der-liebe\/#primaryimage\"},\"thumbnailUrl\":\"https:\/\/hoerakustik-lehmann.de\/cl\/wp-content\/uploads\/2022\/11\/kira-auf-der-heide-lxy2dooxesq-unsplash-scaled.jpg\",\"keywords\":[\"H\u00f6rakustiker\",\"H\u00f6rger\u00e4t kaufen\",\"H\u00f6rger\u00e4te Check Berlin\",\"H\u00f6rsystem\",\"H\u00f6rverlust\",\"H\u00f6rverm\u00f6gen\"],\"articleSection\":[\"H\u00f6rakustik\"],\"inLanguage\":\"de\",\"potentialAction\":[{\"@type\":\"CommentAction\",\"name\":\"Comment\",\"target\":[\"https:\/\/hoerakustik-lehmann.de\/cl\/weihnachten-das-fest-der-liebe\/#respond\"]}]},{\"@type\":\"WebPage\",\"@id\":\"https:\/\/hoerakustik-lehmann.de\/cl\/weihnachten-das-fest-der-liebe\/\",\"url\":\"https:\/\/hoerakustik-lehmann.de\/cl\/weihnachten-das-fest-der-liebe\/\",\"name\":\"Weihnachten das Fest der Liebe - H\u00f6rger\u00e4te in Berlin - H\u00f6rakustik Lehmann\",\"isPartOf\":{\"@id\":\"https:\/\/hoerakustik-lehmann.de\/cl\/#website\"},\"primaryImageOfPage\":{\"@id\":\"https:\/\/hoerakustik-lehmann.de\/cl\/weihnachten-das-fest-der-liebe\/#primaryimage\"},\"image\":{\"@id\":\"https:\/\/hoerakustik-lehmann.de\/cl\/weihnachten-das-fest-der-liebe\/#primaryimage\"},\"thumbnailUrl\":\"https:\/\/hoerakustik-lehmann.de\/cl\/wp-content\/uploads\/2022\/11\/kira-auf-der-heide-lxy2dooxesq-unsplash-scaled.jpg\",\"datePublished\":\"2022-11-16T14:02:16+00:00\",\"dateModified\":\"2022-11-16T14:02:53+00:00\",\"description\":\"Wir haben ein paar Tipps f\u00fcr Sie zusammengestellt, um Ihnen das Leben mit Akku-H\u00f6rsystem von Anfang an angenehm und leicht zu gestalten:\",\"breadcrumb\":{\"@id\":\"https:\/\/hoerakustik-lehmann.de\/cl\/weihnachten-das-fest-der-liebe\/#breadcrumb\"},\"inLanguage\":\"de\",\"potentialAction\":[{\"@type\":\"ReadAction\",\"target\":[\"https:\/\/hoerakustik-lehmann.de\/cl\/weihnachten-das-fest-der-liebe\/\"]}]},{\"@type\":\"ImageObject\",\"inLanguage\":\"de\",\"@id\":\"https:\/\/hoerakustik-lehmann.de\/cl\/weihnachten-das-fest-der-liebe\/#primaryimage\",\"url\":\"https:\/\/hoerakustik-lehmann.de\/cl\/wp-content\/uploads\/2022\/11\/kira-auf-der-heide-lxy2dooxesq-unsplash-scaled.jpg\",\"contentUrl\":\"https:\/\/hoerakustik-lehmann.de\/cl\/wp-content\/uploads\/2022\/11\/kira-auf-der-heide-lxy2dooxesq-unsplash-scaled.jpg\",\"width\":2560,\"height\":1707},{\"@type\":\"BreadcrumbList\",\"@id\":\"https:\/\/hoerakustik-lehmann.de\/cl\/weihnachten-das-fest-der-liebe\/#breadcrumb\",\"itemListElement\":[{\"@type\":\"ListItem\",\"position\":1,\"name\":\"Startseite\",\"item\":\"https:\/\/hoerakustik-lehmann.de\/cl\/\"},{\"@type\":\"ListItem\",\"position\":2,\"name\":\"Weihnachten das Fest der Liebe\"}]},{\"@type\":\"WebSite\",\"@id\":\"https:\/\/hoerakustik-lehmann.de\/cl\/#website\",\"url\":\"https:\/\/hoerakustik-lehmann.de\/cl\/\",\"name\":\"H\u00f6rger\u00e4te in Berlin - H\u00f6rakustik Lehmann\",\"description\":\"H\u00f6r-Beratung, H\u00f6rger\u00e4te und Zubeh\u00f6r\",\"publisher\":{\"@id\":\"https:\/\/hoerakustik-lehmann.de\/cl\/#organization\"},\"potentialAction\":[{\"@type\":\"SearchAction\",\"target\":{\"@type\":\"EntryPoint\",\"urlTemplate\":\"https:\/\/hoerakustik-lehmann.de\/cl\/?s={search_term_string}\"},\"query-input\":{\"@type\":\"PropertyValueSpecification\",\"valueRequired\":true,\"valueName\":\"search_term_string\"}}],\"inLanguage\":\"de\"},{\"@type\":[\"Organization\",\"Place\",\"LocalBusiness\"],\"@id\":\"https:\/\/hoerakustik-lehmann.de\/cl\/#organization\",\"name\":\"H\u00f6rakustik Lehmann\",\"url\":\"https:\/\/hoerakustik-lehmann.de\/cl\/\",\"logo\":{\"@id\":\"https:\/\/hoerakustik-lehmann.de\/cl\/weihnachten-das-fest-der-liebe\/#local-main-organization-logo\"},\"image\":{\"@id\":\"https:\/\/hoerakustik-lehmann.de\/cl\/weihnachten-das-fest-der-liebe\/#local-main-organization-logo\"},\"address\":{\"@id\":\"https:\/\/hoerakustik-lehmann.de\/cl\/weihnachten-das-fest-der-liebe\/#local-main-place-address\"},\"telephone\":[\"Tel. 030 \u2013 209 53 833\"],\"openingHoursSpecification\":[{\"@type\":\"OpeningHoursSpecification\",\"dayOfWeek\":[\"Monday\",\"Tuesday\",\"Wednesday\",\"Thursday\"],\"opens\":\"09:00\",\"closes\":\"18:00\"},{\"@type\":\"OpeningHoursSpecification\",\"dayOfWeek\":[\"Friday\"],\"opens\":\"09:00\",\"closes\":\"13:00\"},{\"@type\":\"OpeningHoursSpecification\",\"dayOfWeek\":[\"Saturday\",\"Sunday\"],\"opens\":\"00:00\",\"closes\":\"00:00\"}],\"email\":\"info@hoerakustik-lehmann.de\"},{\"@type\":\"Person\",\"@id\":\"https:\/\/hoerakustik-lehmann.de\/cl\/#\/schema\/person\/4d7b00780407818acdb20174f8352e58\",\"name\":\"audima\",\"image\":{\"@type\":\"ImageObject\",\"inLanguage\":\"de\",\"@id\":\"https:\/\/hoerakustik-lehmann.de\/cl\/#\/schema\/person\/image\/\",\"url\":\"https:\/\/secure.gravatar.com\/avatar\/400b9c84a66ac56740f94e6b9cbf73ad?s=96&d=mm&r=g\",\"contentUrl\":\"https:\/\/secure.gravatar.com\/avatar\/400b9c84a66ac56740f94e6b9cbf73ad?s=96&d=mm&r=g\",\"caption\":\"audima\"}},{\"@type\":\"PostalAddress\",\"@id\":\"https:\/\/hoerakustik-lehmann.de\/cl\/weihnachten-das-fest-der-liebe\/#local-main-place-address\",\"streetAddress\":\"D\u00f6rpfeldstr. 36\",\"addressLocality\":\"Berlin\",\"postalCode\":\"12489\",\"addressCountry\":\"DE\"},{\"@type\":\"ImageObject\",\"inLanguage\":\"de\",\"@id\":\"https:\/\/hoerakustik-lehmann.de\/cl\/weihnachten-das-fest-der-liebe\/#local-main-organization-logo\",\"url\":\"https:\/\/hoerakustik-lehmann.de\/cl\/wp-content\/uploads\/2020\/02\/logo2.png\",\"contentUrl\":\"https:\/\/hoerakustik-lehmann.de\/cl\/wp-content\/uploads\/2020\/02\/logo2.png\",\"width\":579,\"height\":181,\"caption\":\"H\u00f6rakustik Lehmann\"}]}<\/script>\n<meta name=\"geo.placename\" content=\"Berlin\" \/>\n<meta name=\"geo.region\" content=\"Deutschland\" \/>\n<!-- \/ Yoast SEO plugin. -->","yoast_head_json":{"title":"Weihnachten das Fest der Liebe - H\u00f6rger\u00e4te in Berlin - H\u00f6rakustik Lehmann","description":"Wir haben ein paar Tipps f\u00fcr Sie zusammengestellt, um Ihnen das Leben mit Akku-H\u00f6rsystem von Anfang an angenehm und leicht zu gestalten:","robots":{"index":"index","follow":"follow","max-snippet":"max-snippet:-1","max-image-preview":"max-image-preview:large","max-video-preview":"max-video-preview:-1"},"canonical":"https:\/\/hoerakustik-lehmann.de\/cl\/weihnachten-das-fest-der-liebe\/","og_locale":"de_DE","og_type":"article","og_title":"Weihnachten das Fest der Liebe - H\u00f6rger\u00e4te in Berlin - H\u00f6rakustik Lehmann","og_description":"Wir haben ein paar Tipps f\u00fcr Sie zusammengestellt, um Ihnen das Leben mit Akku-H\u00f6rsystem von Anfang an angenehm und leicht zu gestalten:","og_url":"https:\/\/hoerakustik-lehmann.de\/cl\/weihnachten-das-fest-der-liebe\/","og_site_name":"H\u00f6rger\u00e4te in Berlin - H\u00f6rakustik Lehmann","article_published_time":"2022-11-16T14:02:16+00:00","article_modified_time":"2022-11-16T14:02:53+00:00","og_image":[{"width":2560,"height":1707,"url":"https:\/\/hoerakustik-lehmann.de\/cl\/wp-content\/uploads\/2022\/11\/kira-auf-der-heide-lxy2dooxesq-unsplash-scaled.jpg","type":"image\/jpeg"}],"author":"audima","twitter_card":"summary_large_image","twitter_misc":{"Verfasst von":"audima","Gesch\u00e4tzte Lesezeit":"1\u00a0Minute"},"schema":{"@context":"https:\/\/schema.org","@graph":[{"@type":"Article","@id":"https:\/\/hoerakustik-lehmann.de\/cl\/weihnachten-das-fest-der-liebe\/#article","isPartOf":{"@id":"https:\/\/hoerakustik-lehmann.de\/cl\/weihnachten-das-fest-der-liebe\/"},"author":{"name":"audima","@id":"https:\/\/hoerakustik-lehmann.de\/cl\/#\/schema\/person\/4d7b00780407818acdb20174f8352e58"},"headline":"Weihnachten das Fest der Liebe","datePublished":"2022-11-16T14:02:16+00:00","dateModified":"2022-11-16T14:02:53+00:00","mainEntityOfPage":{"@id":"https:\/\/hoerakustik-lehmann.de\/cl\/weihnachten-das-fest-der-liebe\/"},"wordCount":198,"commentCount":0,"publisher":{"@id":"https:\/\/hoerakustik-lehmann.de\/cl\/#organization"},"image":{"@id":"https:\/\/hoerakustik-lehmann.de\/cl\/weihnachten-das-fest-der-liebe\/#primaryimage"},"thumbnailUrl":"https:\/\/hoerakustik-lehmann.de\/cl\/wp-content\/uploads\/2022\/11\/kira-auf-der-heide-lxy2dooxesq-unsplash-scaled.jpg","keywords":["H\u00f6rakustiker","H\u00f6rger\u00e4t kaufen","H\u00f6rger\u00e4te Check Berlin","H\u00f6rsystem","H\u00f6rverlust","H\u00f6rverm\u00f6gen"],"articleSection":["H\u00f6rakustik"],"inLanguage":"de","potentialAction":[{"@type":"CommentAction","name":"Comment","target":["https:\/\/hoerakustik-lehmann.de\/cl\/weihnachten-das-fest-der-liebe\/#respond"]}]},{"@type":"WebPage","@id":"https:\/\/hoerakustik-lehmann.de\/cl\/weihnachten-das-fest-der-liebe\/","url":"https:\/\/hoerakustik-lehmann.de\/cl\/weihnachten-das-fest-der-liebe\/","name":"Weihnachten das Fest der Liebe - H\u00f6rger\u00e4te in Berlin - H\u00f6rakustik Lehmann","isPartOf":{"@id":"https:\/\/hoerakustik-lehmann.de\/cl\/#website"},"primaryImageOfPage":{"@id":"https:\/\/hoerakustik-lehmann.de\/cl\/weihnachten-das-fest-der-liebe\/#primaryimage"},"image":{"@id":"https:\/\/hoerakustik-lehmann.de\/cl\/weihnachten-das-fest-der-liebe\/#primaryimage"},"thumbnailUrl":"https:\/\/hoerakustik-lehmann.de\/cl\/wp-content\/uploads\/2022\/11\/kira-auf-der-heide-lxy2dooxesq-unsplash-scaled.jpg","datePublished":"2022-11-16T14:02:16+00:00","dateModified":"2022-11-16T14:02:53+00:00","description":"Wir haben ein paar Tipps f\u00fcr Sie zusammengestellt, um Ihnen das Leben mit Akku-H\u00f6rsystem von Anfang an angenehm und leicht zu gestalten:","breadcrumb":{"@id":"https:\/\/hoerakustik-lehmann.de\/cl\/weihnachten-das-fest-der-liebe\/#breadcrumb"},"inLanguage":"de","potentialAction":[{"@type":"ReadAction","target":["https:\/\/hoerakustik-lehmann.de\/cl\/weihnachten-das-fest-der-liebe\/"]}]},{"@type":"ImageObject","inLanguage":"de","@id":"https:\/\/hoerakustik-lehmann.de\/cl\/weihnachten-das-fest-der-liebe\/#primaryimage","url":"https:\/\/hoerakustik-lehmann.de\/cl\/wp-content\/uploads\/2022\/11\/kira-auf-der-heide-lxy2dooxesq-unsplash-scaled.jpg","contentUrl":"https:\/\/hoerakustik-lehmann.de\/cl\/wp-content\/uploads\/2022\/11\/kira-auf-der-heide-lxy2dooxesq-unsplash-scaled.jpg","width":2560,"height":1707},{"@type":"BreadcrumbList","@id":"https:\/\/hoerakustik-lehmann.de\/cl\/weihnachten-das-fest-der-liebe\/#breadcrumb","itemListElement":[{"@type":"ListItem","position":1,"name":"Startseite","item":"https:\/\/hoerakustik-lehmann.de\/cl\/"},{"@type":"ListItem","position":2,"name":"Weihnachten das Fest der Liebe"}]},{"@type":"WebSite","@id":"https:\/\/hoerakustik-lehmann.de\/cl\/#website","url":"https:\/\/hoerakustik-lehmann.de\/cl\/","name":"H\u00f6rger\u00e4te in Berlin - H\u00f6rakustik Lehmann","description":"H\u00f6r-Beratung, H\u00f6rger\u00e4te und Zubeh\u00f6r","publisher":{"@id":"https:\/\/hoerakustik-lehmann.de\/cl\/#organization"},"potentialAction":[{"@type":"SearchAction","target":{"@type":"EntryPoint","urlTemplate":"https:\/\/hoerakustik-lehmann.de\/cl\/?s={search_term_string}"},"query-input":{"@type":"PropertyValueSpecification","valueRequired":true,"valueName":"search_term_string"}}],"inLanguage":"de"},{"@type":["Organization","Place","LocalBusiness"],"@id":"https:\/\/hoerakustik-lehmann.de\/cl\/#organization","name":"H\u00f6rakustik Lehmann","url":"https:\/\/hoerakustik-lehmann.de\/cl\/","logo":{"@id":"https:\/\/hoerakustik-lehmann.de\/cl\/weihnachten-das-fest-der-liebe\/#local-main-organization-logo"},"image":{"@id":"https:\/\/hoerakustik-lehmann.de\/cl\/weihnachten-das-fest-der-liebe\/#local-main-organization-logo"},"address":{"@id":"https:\/\/hoerakustik-lehmann.de\/cl\/weihnachten-das-fest-der-liebe\/#local-main-place-address"},"telephone":["Tel. 030 \u2013 209 53 833"],"openingHoursSpecification":[{"@type":"OpeningHoursSpecification","dayOfWeek":["Monday","Tuesday","Wednesday","Thursday"],"opens":"09:00","closes":"18:00"},{"@type":"OpeningHoursSpecification","dayOfWeek":["Friday"],"opens":"09:00","closes":"13:00"},{"@type":"OpeningHoursSpecification","dayOfWeek":["Saturday","Sunday"],"opens":"00:00","closes":"00:00"}],"email":"info@hoerakustik-lehmann.de"},{"@type":"Person","@id":"https:\/\/hoerakustik-lehmann.de\/cl\/#\/schema\/person\/4d7b00780407818acdb20174f8352e58","name":"audima","image":{"@type":"ImageObject","inLanguage":"de","@id":"https:\/\/hoerakustik-lehmann.de\/cl\/#\/schema\/person\/image\/","url":"https:\/\/secure.gravatar.com\/avatar\/400b9c84a66ac56740f94e6b9cbf73ad?s=96&d=mm&r=g","contentUrl":"https:\/\/secure.gravatar.com\/avatar\/400b9c84a66ac56740f94e6b9cbf73ad?s=96&d=mm&r=g","caption":"audima"}},{"@type":"PostalAddress","@id":"https:\/\/hoerakustik-lehmann.de\/cl\/weihnachten-das-fest-der-liebe\/#local-main-place-address","streetAddress":"D\u00f6rpfeldstr. 36","addressLocality":"Berlin","postalCode":"12489","addressCountry":"DE"},{"@type":"ImageObject","inLanguage":"de","@id":"https:\/\/hoerakustik-lehmann.de\/cl\/weihnachten-das-fest-der-liebe\/#local-main-organization-logo","url":"https:\/\/hoerakustik-lehmann.de\/cl\/wp-content\/uploads\/2020\/02\/logo2.png","contentUrl":"https:\/\/hoerakustik-lehmann.de\/cl\/wp-content\/uploads\/2020\/02\/logo2.png","width":579,"height":181,"caption":"H\u00f6rakustik Lehmann"}]},"geo.placename":"Berlin","geo.region":"Deutschland"},"_links":{"self":[{"href":"https:\/\/hoerakustik-lehmann.de\/cl\/wp-json\/wp\/v2\/posts\/966"}],"collection":[{"href":"https:\/\/hoerakustik-lehmann.de\/cl\/wp-json\/wp\/v2\/posts"}],"about":[{"href":"https:\/\/hoerakustik-lehmann.de\/cl\/wp-json\/wp\/v2\/types\/post"}],"author":[{"embeddable":true,"href":"https:\/\/hoerakustik-lehmann.de\/cl\/wp-json\/wp\/v2\/users\/1"}],"replies":[{"embeddable":true,"href":"https:\/\/hoerakustik-lehmann.de\/cl\/wp-json\/wp\/v2\/comments?post=966"}],"version-history":[{"count":1,"href":"https:\/\/hoerakustik-lehmann.de\/cl\/wp-json\/wp\/v2\/posts\/966\/revisions"}],"predecessor-version":[{"id":967,"href":"https:\/\/hoerakustik-lehmann.de\/cl\/wp-json\/wp\/v2\/posts\/966\/revisions\/967"}],"wp:featuredmedia":[{"embeddable":true,"href":"https:\/\/hoerakustik-lehmann.de\/cl\/wp-json\/wp\/v2\/media\/968"}],"wp:attachment":[{"href":"https:\/\/hoerakustik-lehmann.de\/cl\/wp-json\/wp\/v2\/media?parent=966"}],"wp:term":[{"taxonomy":"category","embeddable":true,"href":"https:\/\/hoerakustik-lehmann.de\/cl\/wp-json\/wp\/v2\/categories?post=966"},{"taxonomy":"post_tag","embeddable":true,"href":"https:\/\/hoerakustik-lehmann.de\/cl\/wp-json\/wp\/v2\/tags?post=966"}],"curies":[{"name":"wp","href":"https:\/\/api.w.org\/{rel}","templated":true}]}}