{"id":936,"date":"2022-09-20T15:40:37","date_gmt":"2022-09-20T13:40:37","guid":{"rendered":"https:\/\/hoerakustik-lehmann.de\/cl\/?p=936"},"modified":"2022-09-20T15:40:37","modified_gmt":"2022-09-20T13:40:37","slug":"verordnung-fuer-ein-hoersystem-und-was-nun","status":"publish","type":"post","link":"https:\/\/hoerakustik-lehmann.de\/cl\/verordnung-fuer-ein-hoersystem-und-was-nun\/","title":{"rendered":"Verordnung f\u00fcr ein H\u00f6rsystem und was nun?"},"content":{"rendered":"<div class=\"article-content\">\n<p><strong>So finden Sie den richtigen H\u00f6rakustiker!<\/strong><\/p>\n<p>Sie haben eine Verordnung f\u00fcr ein H\u00f6rsystem von Ihrem Hals-, Nasen-, Ohrenarzt erhalten. Damit haben Sie Anspruch auf ein H\u00f6rger\u00e4t mit Zuzahlung Ihrer Krankenkasse. Die Verordnung leiten Sie an Ihren H\u00f6rakustiker weiter, f\u00fcr ihn ist es die Grundlage zur Abrechnung mit Ihrer Krankenkasse.<\/p>\n<p><strong>Was macht nun einen guten H\u00f6rakustiker aus?<\/strong><\/p>\n<p>Die wichtigste Aufgabe des H\u00f6rger\u00e4teakustikers ist die Beratung, Auswahl, Anpassung und Einstellung Ihrer neuen H\u00f6rger\u00e4te. Dabei ist viel Einf\u00fchlungsverm\u00f6gen seitens des H\u00f6rger\u00e4teakustikers gefragt. Geht er auf Ihre Bed\u00fcrfnisse ein? F\u00fchlen Sie sich wohl mit dem H\u00f6rakustiker? Ist er Ihnen sympathisch? K\u00f6nnen Sie mit dem H\u00f6rakustiker \u00fcber Ihre W\u00fcnsche an das H\u00f6rger\u00e4t sprechen? Nimmt er sich Zeit? K\u00f6nnen Sie verschiedene H\u00f6rsysteme vergleichen? Ist die Beratung transparent? Stimmt die Einstellung der H\u00f6rsysteme entsprechend Ihres H\u00f6rbedarfs und -w\u00fcnschen?<\/p>\n<p>Wir, zum Beispiel, nehmen uns viel Zeit f\u00fcr unsere Kunden und besch\u00e4ftigen uns eingehend mit deren H\u00f6rsituation. Jeder Kunde hat bei uns seinen \u201eeigenen\u201c Ansprechpartner, der sich der jeweiligen Situation annimmt und auch \u00fcber den ganzen Zeitraum der Zusammenarbeit zur Verf\u00fcgung steht. Gemeinsam mit unseren Kunden finden wir die optimale L\u00f6sung f\u00fcr jeden H\u00f6ranspruch. Und das dauert ein bisschen, es sind eine Erstanpassung und mehrere anschlie\u00dfende Folgetermine zur Feineinstellung notwendig.<\/p>\n<p>Ihr H\u00f6rakustiker sollte daher gut f\u00fcr Sie erreichbar sein. Und sollten Sie irgendwann nicht mehr in der Lage sein, pers\u00f6nlich zu uns zu kommen, bieten wir auch Hausbesuche an.<\/p>\n<p>Wir freuen uns auf Ihren Besuch.<\/p>\n<\/div>\n","protected":false},"excerpt":{"rendered":"<p>So finden Sie den richtigen H\u00f6rakustiker! Sie haben eine Verordnung f\u00fcr ein H\u00f6rsystem von Ihrem Hals-, Nasen-, Ohrenarzt erhalten. Damit haben Sie Anspruch auf ein H\u00f6rger\u00e4t mit Zuzahlung Ihrer Krankenkasse. Die Verordnung leiten Sie an Ihren H\u00f6rakustiker weiter, f\u00fcr ihn ist es die Grundlage zur Abrechnung mit Ihrer Krankenkasse. Was macht nun einen guten H\u00f6rakustiker [&hellip;]<\/p>\n","protected":false},"author":1,"featured_media":937,"comment_status":"open","ping_status":"open","sticky":false,"template":"","format":"standard","meta":{"_mi_skip_tracking":false,"_monsterinsights_sitenote_active":false,"_monsterinsights_sitenote_note":"","_monsterinsights_sitenote_category":0,"footnotes":""},"categories":[3],"tags":[32,28,36,34],"class_list":["post-936","post","type-post","status-publish","format-standard","has-post-thumbnail","hentry","category-hoerakustik","tag-hoergeraet-kaufen","tag-hoergeraete-check-berlin","tag-hoerverlust","tag-hoervermoegen"],"yoast_head":"<!-- This site is optimized with the Yoast SEO plugin v25.3.1 - https:\/\/yoast.com\/wordpress\/plugins\/seo\/ -->\n<title>Verordnung f\u00fcr ein H\u00f6rsystem und was nun? - H\u00f6rger\u00e4te in Berlin - H\u00f6rakustik Lehmann<\/title>\n<meta name=\"description\" content=\"Wir haben ein paar Tipps f\u00fcr Sie zusammengestellt, um Ihnen das Leben mit Akku-H\u00f6rsystem von Anfang an angenehm und leicht zu gestalten:\" \/>\n<meta name=\"robots\" content=\"index, follow, max-snippet:-1, max-image-preview:large, max-video-preview:-1\" \/>\n<link rel=\"canonical\" href=\"https:\/\/hoerakustik-lehmann.de\/cl\/verordnung-fuer-ein-hoersystem-und-was-nun\/\" \/>\n<meta property=\"og:locale\" content=\"de_DE\" \/>\n<meta property=\"og:type\" content=\"article\" \/>\n<meta property=\"og:title\" content=\"Verordnung f\u00fcr ein H\u00f6rsystem und was nun? - H\u00f6rger\u00e4te in Berlin - H\u00f6rakustik Lehmann\" \/>\n<meta property=\"og:description\" content=\"Wir haben ein paar Tipps f\u00fcr Sie zusammengestellt, um Ihnen das Leben mit Akku-H\u00f6rsystem von Anfang an angenehm und leicht zu gestalten:\" \/>\n<meta property=\"og:url\" content=\"https:\/\/hoerakustik-lehmann.de\/cl\/verordnung-fuer-ein-hoersystem-und-was-nun\/\" \/>\n<meta property=\"og:site_name\" content=\"H\u00f6rger\u00e4te in Berlin - H\u00f6rakustik Lehmann\" \/>\n<meta property=\"article:published_time\" content=\"2022-09-20T13:40:37+00:00\" \/>\n<meta property=\"og:image\" content=\"https:\/\/hoerakustik-lehmann.de\/cl\/wp-content\/uploads\/2022\/09\/older.jpg\" \/>\n\t<meta property=\"og:image:width\" content=\"2000\" \/>\n\t<meta property=\"og:image:height\" content=\"1333\" \/>\n\t<meta property=\"og:image:type\" content=\"image\/jpeg\" \/>\n<meta name=\"author\" content=\"audima\" \/>\n<meta name=\"twitter:card\" content=\"summary_large_image\" \/>\n<meta name=\"twitter:label1\" content=\"Verfasst von\" \/>\n\t<meta name=\"twitter:data1\" content=\"audima\" \/>\n\t<meta name=\"twitter:label2\" content=\"Gesch\u00e4tzte Lesezeit\" \/>\n\t<meta name=\"twitter:data2\" content=\"1\u00a0Minute\" \/>\n<script type=\"application\/ld+json\" class=\"yoast-schema-graph\">{\"@context\":\"https:\/\/schema.org\",\"@graph\":[{\"@type\":\"Article\",\"@id\":\"https:\/\/hoerakustik-lehmann.de\/cl\/verordnung-fuer-ein-hoersystem-und-was-nun\/#article\",\"isPartOf\":{\"@id\":\"https:\/\/hoerakustik-lehmann.de\/cl\/verordnung-fuer-ein-hoersystem-und-was-nun\/\"},\"author\":{\"name\":\"audima\",\"@id\":\"https:\/\/hoerakustik-lehmann.de\/cl\/#\/schema\/person\/4d7b00780407818acdb20174f8352e58\"},\"headline\":\"Verordnung f\u00fcr ein H\u00f6rsystem und was nun?\",\"datePublished\":\"2022-09-20T13:40:37+00:00\",\"mainEntityOfPage\":{\"@id\":\"https:\/\/hoerakustik-lehmann.de\/cl\/verordnung-fuer-ein-hoersystem-und-was-nun\/\"},\"wordCount\":285,\"commentCount\":0,\"publisher\":{\"@id\":\"https:\/\/hoerakustik-lehmann.de\/cl\/#organization\"},\"image\":{\"@id\":\"https:\/\/hoerakustik-lehmann.de\/cl\/verordnung-fuer-ein-hoersystem-und-was-nun\/#primaryimage\"},\"thumbnailUrl\":\"https:\/\/hoerakustik-lehmann.de\/cl\/wp-content\/uploads\/2022\/09\/older.jpg\",\"keywords\":[\"H\u00f6rger\u00e4t kaufen\",\"H\u00f6rger\u00e4te Check Berlin\",\"H\u00f6rverlust\",\"H\u00f6rverm\u00f6gen\"],\"articleSection\":[\"H\u00f6rakustik\"],\"inLanguage\":\"de\",\"potentialAction\":[{\"@type\":\"CommentAction\",\"name\":\"Comment\",\"target\":[\"https:\/\/hoerakustik-lehmann.de\/cl\/verordnung-fuer-ein-hoersystem-und-was-nun\/#respond\"]}]},{\"@type\":\"WebPage\",\"@id\":\"https:\/\/hoerakustik-lehmann.de\/cl\/verordnung-fuer-ein-hoersystem-und-was-nun\/\",\"url\":\"https:\/\/hoerakustik-lehmann.de\/cl\/verordnung-fuer-ein-hoersystem-und-was-nun\/\",\"name\":\"Verordnung f\u00fcr ein H\u00f6rsystem und was nun? - H\u00f6rger\u00e4te in Berlin - H\u00f6rakustik Lehmann\",\"isPartOf\":{\"@id\":\"https:\/\/hoerakustik-lehmann.de\/cl\/#website\"},\"primaryImageOfPage\":{\"@id\":\"https:\/\/hoerakustik-lehmann.de\/cl\/verordnung-fuer-ein-hoersystem-und-was-nun\/#primaryimage\"},\"image\":{\"@id\":\"https:\/\/hoerakustik-lehmann.de\/cl\/verordnung-fuer-ein-hoersystem-und-was-nun\/#primaryimage\"},\"thumbnailUrl\":\"https:\/\/hoerakustik-lehmann.de\/cl\/wp-content\/uploads\/2022\/09\/older.jpg\",\"datePublished\":\"2022-09-20T13:40:37+00:00\",\"description\":\"Wir haben ein paar Tipps f\u00fcr Sie zusammengestellt, um Ihnen das Leben mit Akku-H\u00f6rsystem von Anfang an angenehm und leicht zu gestalten:\",\"breadcrumb\":{\"@id\":\"https:\/\/hoerakustik-lehmann.de\/cl\/verordnung-fuer-ein-hoersystem-und-was-nun\/#breadcrumb\"},\"inLanguage\":\"de\",\"potentialAction\":[{\"@type\":\"ReadAction\",\"target\":[\"https:\/\/hoerakustik-lehmann.de\/cl\/verordnung-fuer-ein-hoersystem-und-was-nun\/\"]}]},{\"@type\":\"ImageObject\",\"inLanguage\":\"de\",\"@id\":\"https:\/\/hoerakustik-lehmann.de\/cl\/verordnung-fuer-ein-hoersystem-und-was-nun\/#primaryimage\",\"url\":\"https:\/\/hoerakustik-lehmann.de\/cl\/wp-content\/uploads\/2022\/09\/older.jpg\",\"contentUrl\":\"https:\/\/hoerakustik-lehmann.de\/cl\/wp-content\/uploads\/2022\/09\/older.jpg\",\"width\":2000,\"height\":1333},{\"@type\":\"BreadcrumbList\",\"@id\":\"https:\/\/hoerakustik-lehmann.de\/cl\/verordnung-fuer-ein-hoersystem-und-was-nun\/#breadcrumb\",\"itemListElement\":[{\"@type\":\"ListItem\",\"position\":1,\"name\":\"Startseite\",\"item\":\"https:\/\/hoerakustik-lehmann.de\/cl\/\"},{\"@type\":\"ListItem\",\"position\":2,\"name\":\"Verordnung f\u00fcr ein H\u00f6rsystem und was nun?\"}]},{\"@type\":\"WebSite\",\"@id\":\"https:\/\/hoerakustik-lehmann.de\/cl\/#website\",\"url\":\"https:\/\/hoerakustik-lehmann.de\/cl\/\",\"name\":\"H\u00f6rger\u00e4te in Berlin - H\u00f6rakustik Lehmann\",\"description\":\"H\u00f6r-Beratung, H\u00f6rger\u00e4te und Zubeh\u00f6r\",\"publisher\":{\"@id\":\"https:\/\/hoerakustik-lehmann.de\/cl\/#organization\"},\"potentialAction\":[{\"@type\":\"SearchAction\",\"target\":{\"@type\":\"EntryPoint\",\"urlTemplate\":\"https:\/\/hoerakustik-lehmann.de\/cl\/?s={search_term_string}\"},\"query-input\":{\"@type\":\"PropertyValueSpecification\",\"valueRequired\":true,\"valueName\":\"search_term_string\"}}],\"inLanguage\":\"de\"},{\"@type\":[\"Organization\",\"Place\",\"LocalBusiness\"],\"@id\":\"https:\/\/hoerakustik-lehmann.de\/cl\/#organization\",\"name\":\"H\u00f6rakustik Lehmann\",\"url\":\"https:\/\/hoerakustik-lehmann.de\/cl\/\",\"logo\":{\"@id\":\"https:\/\/hoerakustik-lehmann.de\/cl\/verordnung-fuer-ein-hoersystem-und-was-nun\/#local-main-organization-logo\"},\"image\":{\"@id\":\"https:\/\/hoerakustik-lehmann.de\/cl\/verordnung-fuer-ein-hoersystem-und-was-nun\/#local-main-organization-logo\"},\"address\":{\"@id\":\"https:\/\/hoerakustik-lehmann.de\/cl\/verordnung-fuer-ein-hoersystem-und-was-nun\/#local-main-place-address\"},\"telephone\":[\"Tel. 030 \u2013 209 53 833\"],\"openingHoursSpecification\":[{\"@type\":\"OpeningHoursSpecification\",\"dayOfWeek\":[\"Monday\",\"Tuesday\",\"Wednesday\",\"Thursday\"],\"opens\":\"09:00\",\"closes\":\"18:00\"},{\"@type\":\"OpeningHoursSpecification\",\"dayOfWeek\":[\"Friday\"],\"opens\":\"09:00\",\"closes\":\"13:00\"},{\"@type\":\"OpeningHoursSpecification\",\"dayOfWeek\":[\"Saturday\",\"Sunday\"],\"opens\":\"00:00\",\"closes\":\"00:00\"}],\"email\":\"info@hoerakustik-lehmann.de\"},{\"@type\":\"Person\",\"@id\":\"https:\/\/hoerakustik-lehmann.de\/cl\/#\/schema\/person\/4d7b00780407818acdb20174f8352e58\",\"name\":\"audima\",\"image\":{\"@type\":\"ImageObject\",\"inLanguage\":\"de\",\"@id\":\"https:\/\/hoerakustik-lehmann.de\/cl\/#\/schema\/person\/image\/\",\"url\":\"https:\/\/secure.gravatar.com\/avatar\/400b9c84a66ac56740f94e6b9cbf73ad?s=96&d=mm&r=g\",\"contentUrl\":\"https:\/\/secure.gravatar.com\/avatar\/400b9c84a66ac56740f94e6b9cbf73ad?s=96&d=mm&r=g\",\"caption\":\"audima\"}},{\"@type\":\"PostalAddress\",\"@id\":\"https:\/\/hoerakustik-lehmann.de\/cl\/verordnung-fuer-ein-hoersystem-und-was-nun\/#local-main-place-address\",\"streetAddress\":\"D\u00f6rpfeldstr. 36\",\"addressLocality\":\"Berlin\",\"postalCode\":\"12489\",\"addressCountry\":\"DE\"},{\"@type\":\"ImageObject\",\"inLanguage\":\"de\",\"@id\":\"https:\/\/hoerakustik-lehmann.de\/cl\/verordnung-fuer-ein-hoersystem-und-was-nun\/#local-main-organization-logo\",\"url\":\"https:\/\/hoerakustik-lehmann.de\/cl\/wp-content\/uploads\/2020\/02\/logo2.png\",\"contentUrl\":\"https:\/\/hoerakustik-lehmann.de\/cl\/wp-content\/uploads\/2020\/02\/logo2.png\",\"width\":579,\"height\":181,\"caption\":\"H\u00f6rakustik Lehmann\"}]}<\/script>\n<meta name=\"geo.placename\" content=\"Berlin\" \/>\n<meta name=\"geo.region\" content=\"Deutschland\" \/>\n<!-- \/ Yoast SEO plugin. -->","yoast_head_json":{"title":"Verordnung f\u00fcr ein H\u00f6rsystem und was nun? - H\u00f6rger\u00e4te in Berlin - H\u00f6rakustik Lehmann","description":"Wir haben ein paar Tipps f\u00fcr Sie zusammengestellt, um Ihnen das Leben mit Akku-H\u00f6rsystem von Anfang an angenehm und leicht zu gestalten:","robots":{"index":"index","follow":"follow","max-snippet":"max-snippet:-1","max-image-preview":"max-image-preview:large","max-video-preview":"max-video-preview:-1"},"canonical":"https:\/\/hoerakustik-lehmann.de\/cl\/verordnung-fuer-ein-hoersystem-und-was-nun\/","og_locale":"de_DE","og_type":"article","og_title":"Verordnung f\u00fcr ein H\u00f6rsystem und was nun? - H\u00f6rger\u00e4te in Berlin - H\u00f6rakustik Lehmann","og_description":"Wir haben ein paar Tipps f\u00fcr Sie zusammengestellt, um Ihnen das Leben mit Akku-H\u00f6rsystem von Anfang an angenehm und leicht zu gestalten:","og_url":"https:\/\/hoerakustik-lehmann.de\/cl\/verordnung-fuer-ein-hoersystem-und-was-nun\/","og_site_name":"H\u00f6rger\u00e4te in Berlin - H\u00f6rakustik Lehmann","article_published_time":"2022-09-20T13:40:37+00:00","og_image":[{"width":2000,"height":1333,"url":"https:\/\/hoerakustik-lehmann.de\/cl\/wp-content\/uploads\/2022\/09\/older.jpg","type":"image\/jpeg"}],"author":"audima","twitter_card":"summary_large_image","twitter_misc":{"Verfasst von":"audima","Gesch\u00e4tzte Lesezeit":"1\u00a0Minute"},"schema":{"@context":"https:\/\/schema.org","@graph":[{"@type":"Article","@id":"https:\/\/hoerakustik-lehmann.de\/cl\/verordnung-fuer-ein-hoersystem-und-was-nun\/#article","isPartOf":{"@id":"https:\/\/hoerakustik-lehmann.de\/cl\/verordnung-fuer-ein-hoersystem-und-was-nun\/"},"author":{"name":"audima","@id":"https:\/\/hoerakustik-lehmann.de\/cl\/#\/schema\/person\/4d7b00780407818acdb20174f8352e58"},"headline":"Verordnung f\u00fcr ein H\u00f6rsystem und was nun?","datePublished":"2022-09-20T13:40:37+00:00","mainEntityOfPage":{"@id":"https:\/\/hoerakustik-lehmann.de\/cl\/verordnung-fuer-ein-hoersystem-und-was-nun\/"},"wordCount":285,"commentCount":0,"publisher":{"@id":"https:\/\/hoerakustik-lehmann.de\/cl\/#organization"},"image":{"@id":"https:\/\/hoerakustik-lehmann.de\/cl\/verordnung-fuer-ein-hoersystem-und-was-nun\/#primaryimage"},"thumbnailUrl":"https:\/\/hoerakustik-lehmann.de\/cl\/wp-content\/uploads\/2022\/09\/older.jpg","keywords":["H\u00f6rger\u00e4t kaufen","H\u00f6rger\u00e4te Check Berlin","H\u00f6rverlust","H\u00f6rverm\u00f6gen"],"articleSection":["H\u00f6rakustik"],"inLanguage":"de","potentialAction":[{"@type":"CommentAction","name":"Comment","target":["https:\/\/hoerakustik-lehmann.de\/cl\/verordnung-fuer-ein-hoersystem-und-was-nun\/#respond"]}]},{"@type":"WebPage","@id":"https:\/\/hoerakustik-lehmann.de\/cl\/verordnung-fuer-ein-hoersystem-und-was-nun\/","url":"https:\/\/hoerakustik-lehmann.de\/cl\/verordnung-fuer-ein-hoersystem-und-was-nun\/","name":"Verordnung f\u00fcr ein H\u00f6rsystem und was nun? - H\u00f6rger\u00e4te in Berlin - H\u00f6rakustik Lehmann","isPartOf":{"@id":"https:\/\/hoerakustik-lehmann.de\/cl\/#website"},"primaryImageOfPage":{"@id":"https:\/\/hoerakustik-lehmann.de\/cl\/verordnung-fuer-ein-hoersystem-und-was-nun\/#primaryimage"},"image":{"@id":"https:\/\/hoerakustik-lehmann.de\/cl\/verordnung-fuer-ein-hoersystem-und-was-nun\/#primaryimage"},"thumbnailUrl":"https:\/\/hoerakustik-lehmann.de\/cl\/wp-content\/uploads\/2022\/09\/older.jpg","datePublished":"2022-09-20T13:40:37+00:00","description":"Wir haben ein paar Tipps f\u00fcr Sie zusammengestellt, um Ihnen das Leben mit Akku-H\u00f6rsystem von Anfang an angenehm und leicht zu gestalten:","breadcrumb":{"@id":"https:\/\/hoerakustik-lehmann.de\/cl\/verordnung-fuer-ein-hoersystem-und-was-nun\/#breadcrumb"},"inLanguage":"de","potentialAction":[{"@type":"ReadAction","target":["https:\/\/hoerakustik-lehmann.de\/cl\/verordnung-fuer-ein-hoersystem-und-was-nun\/"]}]},{"@type":"ImageObject","inLanguage":"de","@id":"https:\/\/hoerakustik-lehmann.de\/cl\/verordnung-fuer-ein-hoersystem-und-was-nun\/#primaryimage","url":"https:\/\/hoerakustik-lehmann.de\/cl\/wp-content\/uploads\/2022\/09\/older.jpg","contentUrl":"https:\/\/hoerakustik-lehmann.de\/cl\/wp-content\/uploads\/2022\/09\/older.jpg","width":2000,"height":1333},{"@type":"BreadcrumbList","@id":"https:\/\/hoerakustik-lehmann.de\/cl\/verordnung-fuer-ein-hoersystem-und-was-nun\/#breadcrumb","itemListElement":[{"@type":"ListItem","position":1,"name":"Startseite","item":"https:\/\/hoerakustik-lehmann.de\/cl\/"},{"@type":"ListItem","position":2,"name":"Verordnung f\u00fcr ein H\u00f6rsystem und was nun?"}]},{"@type":"WebSite","@id":"https:\/\/hoerakustik-lehmann.de\/cl\/#website","url":"https:\/\/hoerakustik-lehmann.de\/cl\/","name":"H\u00f6rger\u00e4te in Berlin - H\u00f6rakustik Lehmann","description":"H\u00f6r-Beratung, H\u00f6rger\u00e4te und Zubeh\u00f6r","publisher":{"@id":"https:\/\/hoerakustik-lehmann.de\/cl\/#organization"},"potentialAction":[{"@type":"SearchAction","target":{"@type":"EntryPoint","urlTemplate":"https:\/\/hoerakustik-lehmann.de\/cl\/?s={search_term_string}"},"query-input":{"@type":"PropertyValueSpecification","valueRequired":true,"valueName":"search_term_string"}}],"inLanguage":"de"},{"@type":["Organization","Place","LocalBusiness"],"@id":"https:\/\/hoerakustik-lehmann.de\/cl\/#organization","name":"H\u00f6rakustik Lehmann","url":"https:\/\/hoerakustik-lehmann.de\/cl\/","logo":{"@id":"https:\/\/hoerakustik-lehmann.de\/cl\/verordnung-fuer-ein-hoersystem-und-was-nun\/#local-main-organization-logo"},"image":{"@id":"https:\/\/hoerakustik-lehmann.de\/cl\/verordnung-fuer-ein-hoersystem-und-was-nun\/#local-main-organization-logo"},"address":{"@id":"https:\/\/hoerakustik-lehmann.de\/cl\/verordnung-fuer-ein-hoersystem-und-was-nun\/#local-main-place-address"},"telephone":["Tel. 030 \u2013 209 53 833"],"openingHoursSpecification":[{"@type":"OpeningHoursSpecification","dayOfWeek":["Monday","Tuesday","Wednesday","Thursday"],"opens":"09:00","closes":"18:00"},{"@type":"OpeningHoursSpecification","dayOfWeek":["Friday"],"opens":"09:00","closes":"13:00"},{"@type":"OpeningHoursSpecification","dayOfWeek":["Saturday","Sunday"],"opens":"00:00","closes":"00:00"}],"email":"info@hoerakustik-lehmann.de"},{"@type":"Person","@id":"https:\/\/hoerakustik-lehmann.de\/cl\/#\/schema\/person\/4d7b00780407818acdb20174f8352e58","name":"audima","image":{"@type":"ImageObject","inLanguage":"de","@id":"https:\/\/hoerakustik-lehmann.de\/cl\/#\/schema\/person\/image\/","url":"https:\/\/secure.gravatar.com\/avatar\/400b9c84a66ac56740f94e6b9cbf73ad?s=96&d=mm&r=g","contentUrl":"https:\/\/secure.gravatar.com\/avatar\/400b9c84a66ac56740f94e6b9cbf73ad?s=96&d=mm&r=g","caption":"audima"}},{"@type":"PostalAddress","@id":"https:\/\/hoerakustik-lehmann.de\/cl\/verordnung-fuer-ein-hoersystem-und-was-nun\/#local-main-place-address","streetAddress":"D\u00f6rpfeldstr. 36","addressLocality":"Berlin","postalCode":"12489","addressCountry":"DE"},{"@type":"ImageObject","inLanguage":"de","@id":"https:\/\/hoerakustik-lehmann.de\/cl\/verordnung-fuer-ein-hoersystem-und-was-nun\/#local-main-organization-logo","url":"https:\/\/hoerakustik-lehmann.de\/cl\/wp-content\/uploads\/2020\/02\/logo2.png","contentUrl":"https:\/\/hoerakustik-lehmann.de\/cl\/wp-content\/uploads\/2020\/02\/logo2.png","width":579,"height":181,"caption":"H\u00f6rakustik Lehmann"}]},"geo.placename":"Berlin","geo.region":"Deutschland"},"_links":{"self":[{"href":"https:\/\/hoerakustik-lehmann.de\/cl\/wp-json\/wp\/v2\/posts\/936"}],"collection":[{"href":"https:\/\/hoerakustik-lehmann.de\/cl\/wp-json\/wp\/v2\/posts"}],"about":[{"href":"https:\/\/hoerakustik-lehmann.de\/cl\/wp-json\/wp\/v2\/types\/post"}],"author":[{"embeddable":true,"href":"https:\/\/hoerakustik-lehmann.de\/cl\/wp-json\/wp\/v2\/users\/1"}],"replies":[{"embeddable":true,"href":"https:\/\/hoerakustik-lehmann.de\/cl\/wp-json\/wp\/v2\/comments?post=936"}],"version-history":[{"count":1,"href":"https:\/\/hoerakustik-lehmann.de\/cl\/wp-json\/wp\/v2\/posts\/936\/revisions"}],"predecessor-version":[{"id":938,"href":"https:\/\/hoerakustik-lehmann.de\/cl\/wp-json\/wp\/v2\/posts\/936\/revisions\/938"}],"wp:featuredmedia":[{"embeddable":true,"href":"https:\/\/hoerakustik-lehmann.de\/cl\/wp-json\/wp\/v2\/media\/937"}],"wp:attachment":[{"href":"https:\/\/hoerakustik-lehmann.de\/cl\/wp-json\/wp\/v2\/media?parent=936"}],"wp:term":[{"taxonomy":"category","embeddable":true,"href":"https:\/\/hoerakustik-lehmann.de\/cl\/wp-json\/wp\/v2\/categories?post=936"},{"taxonomy":"post_tag","embeddable":true,"href":"https:\/\/hoerakustik-lehmann.de\/cl\/wp-json\/wp\/v2\/tags?post=936"}],"curies":[{"name":"wp","href":"https:\/\/api.w.org\/{rel}","templated":true}]}}