{"id":1357,"date":"2025-08-25T08:43:32","date_gmt":"2025-08-25T06:43:32","guid":{"rendered":"https:\/\/hoerakustik-lehmann.de\/cl\/?p=1357"},"modified":"2025-08-25T08:43:32","modified_gmt":"2025-08-25T06:43:32","slug":"sommercheck-fuer-ihre-hoersysteme","status":"publish","type":"post","link":"https:\/\/hoerakustik-lehmann.de\/cl\/sommercheck-fuer-ihre-hoersysteme\/","title":{"rendered":"Sommercheck f\u00fcr Ihre H\u00f6rsysteme"},"content":{"rendered":"<p data-renderer-start-pos=\"212\">Sonne, Schwei\u00df und Outdoor-Aktivit\u00e4ten hinterlassen Spuren \u2013 auch an H\u00f6rsystemen. Beim professionellen H\u00f6rger\u00e4te-Sommercheck reinigen und pr\u00fcfen wir Ihre Technik sorgf\u00e4ltig und nehmen, falls n\u00f6tig, Feineinstellungen vor.<\/p>\n<p data-renderer-start-pos=\"434\">So funktionieren Ihre H\u00f6rsysteme auch in der kommenden Jahreszeit, dem bunten Herbst, zuverl\u00e4ssig \u2013 ob beim Spaziergang, beim Familiengespr\u00e4ch oder im Konzertsaal. Dieser Service ist f\u00fcr Sie nat\u00fcrlich kostenlos \u2013 auch dann, wenn Sie Ihr H\u00f6rger\u00e4t nicht bei uns gekauft haben.<\/p>\n","protected":false},"excerpt":{"rendered":"<p>Sonne, Schwei\u00df und Outdoor-Aktivit\u00e4ten hinterlassen Spuren \u2013 auch an H\u00f6rsystemen. Beim professionellen H\u00f6rger\u00e4te-Sommercheck reinigen und pr\u00fcfen wir Ihre Technik sorgf\u00e4ltig und nehmen, falls n\u00f6tig, Feineinstellungen vor. So funktionieren Ihre H\u00f6rsysteme auch in der kommenden Jahreszeit, dem bunten Herbst, zuverl\u00e4ssig \u2013 ob beim Spaziergang, beim Familiengespr\u00e4ch oder im Konzertsaal. Dieser Service ist f\u00fcr Sie nat\u00fcrlich kostenlos [&hellip;]<\/p>\n","protected":false},"author":1,"featured_media":1358,"comment_status":"closed","ping_status":"closed","sticky":false,"template":"","format":"standard","meta":{"_mi_skip_tracking":false,"_monsterinsights_sitenote_active":false,"_monsterinsights_sitenote_note":"","_monsterinsights_sitenote_category":0,"footnotes":""},"categories":[3],"tags":[37,44,38,10],"class_list":["post-1357","post","type-post","status-publish","format-standard","has-post-thumbnail","hentry","category-hoerakustik","tag-hoerakustiker","tag-hoergeraete-in-berlin","tag-hoersystem","tag-kuenstliche-intelligenz"],"yoast_head":"<!-- This site is optimized with the Yoast SEO plugin v25.3.1 - https:\/\/yoast.com\/wordpress\/plugins\/seo\/ -->\n<title>Sommercheck f\u00fcr Ihre H\u00f6rsysteme - H\u00f6rger\u00e4te in Berlin - H\u00f6rakustik Lehmann<\/title>\n<meta name=\"robots\" content=\"index, follow, max-snippet:-1, max-image-preview:large, max-video-preview:-1\" \/>\n<link rel=\"canonical\" href=\"https:\/\/hoerakustik-lehmann.de\/cl\/sommercheck-fuer-ihre-hoersysteme\/\" \/>\n<meta property=\"og:locale\" content=\"de_DE\" \/>\n<meta property=\"og:type\" content=\"article\" \/>\n<meta property=\"og:title\" content=\"Sommercheck f\u00fcr Ihre H\u00f6rsysteme - H\u00f6rger\u00e4te in Berlin - H\u00f6rakustik Lehmann\" \/>\n<meta property=\"og:description\" content=\"Sonne, Schwei\u00df und Outdoor-Aktivit\u00e4ten hinterlassen Spuren \u2013 auch an H\u00f6rsystemen. Beim professionellen H\u00f6rger\u00e4te-Sommercheck reinigen und pr\u00fcfen wir Ihre Technik sorgf\u00e4ltig und nehmen, falls n\u00f6tig, Feineinstellungen vor. So funktionieren Ihre H\u00f6rsysteme auch in der kommenden Jahreszeit, dem bunten Herbst, zuverl\u00e4ssig \u2013 ob beim Spaziergang, beim Familiengespr\u00e4ch oder im Konzertsaal. Dieser Service ist f\u00fcr Sie nat\u00fcrlich kostenlos [&hellip;]\" \/>\n<meta property=\"og:url\" content=\"https:\/\/hoerakustik-lehmann.de\/cl\/sommercheck-fuer-ihre-hoersysteme\/\" \/>\n<meta property=\"og:site_name\" content=\"H\u00f6rger\u00e4te in Berlin - H\u00f6rakustik Lehmann\" \/>\n<meta property=\"article:published_time\" content=\"2025-08-25T06:43:32+00:00\" \/>\n<meta property=\"og:image\" content=\"https:\/\/hoerakustik-lehmann.de\/cl\/wp-content\/uploads\/2025\/08\/pexels-cottonbro-8343928.jpg\" \/>\n\t<meta property=\"og:image:width\" content=\"2333\" \/>\n\t<meta property=\"og:image:height\" content=\"1491\" \/>\n\t<meta property=\"og:image:type\" content=\"image\/jpeg\" \/>\n<meta name=\"author\" content=\"audima\" \/>\n<meta name=\"twitter:card\" content=\"summary_large_image\" \/>\n<meta name=\"twitter:label1\" content=\"Verfasst von\" \/>\n\t<meta name=\"twitter:data1\" content=\"audima\" \/>\n<script type=\"application\/ld+json\" class=\"yoast-schema-graph\">{\"@context\":\"https:\/\/schema.org\",\"@graph\":[{\"@type\":\"NewsArticle\",\"@id\":\"https:\/\/hoerakustik-lehmann.de\/cl\/sommercheck-fuer-ihre-hoersysteme\/#article\",\"isPartOf\":{\"@id\":\"https:\/\/hoerakustik-lehmann.de\/cl\/sommercheck-fuer-ihre-hoersysteme\/\"},\"author\":{\"name\":\"audima\",\"@id\":\"https:\/\/hoerakustik-lehmann.de\/cl\/#\/schema\/person\/4d7b00780407818acdb20174f8352e58\"},\"headline\":\"Sommercheck f\u00fcr Ihre H\u00f6rsysteme\",\"datePublished\":\"2025-08-25T06:43:32+00:00\",\"mainEntityOfPage\":{\"@id\":\"https:\/\/hoerakustik-lehmann.de\/cl\/sommercheck-fuer-ihre-hoersysteme\/\"},\"wordCount\":84,\"publisher\":{\"@id\":\"https:\/\/hoerakustik-lehmann.de\/cl\/#organization\"},\"image\":{\"@id\":\"https:\/\/hoerakustik-lehmann.de\/cl\/sommercheck-fuer-ihre-hoersysteme\/#primaryimage\"},\"thumbnailUrl\":\"https:\/\/hoerakustik-lehmann.de\/cl\/wp-content\/uploads\/2025\/08\/pexels-cottonbro-8343928.jpg\",\"keywords\":[\"H\u00f6rakustiker\",\"H\u00f6rger\u00e4te in Berlin\",\"H\u00f6rsystem\",\"k\u00fcnstliche Intelligenz\"],\"articleSection\":[\"H\u00f6rakustik\"],\"inLanguage\":\"de\"},{\"@type\":[\"WebPage\",\"MedicalWebPage\"],\"@id\":\"https:\/\/hoerakustik-lehmann.de\/cl\/sommercheck-fuer-ihre-hoersysteme\/\",\"url\":\"https:\/\/hoerakustik-lehmann.de\/cl\/sommercheck-fuer-ihre-hoersysteme\/\",\"name\":\"Sommercheck f\u00fcr Ihre H\u00f6rsysteme - H\u00f6rger\u00e4te in Berlin - H\u00f6rakustik Lehmann\",\"isPartOf\":{\"@id\":\"https:\/\/hoerakustik-lehmann.de\/cl\/#website\"},\"primaryImageOfPage\":{\"@id\":\"https:\/\/hoerakustik-lehmann.de\/cl\/sommercheck-fuer-ihre-hoersysteme\/#primaryimage\"},\"image\":{\"@id\":\"https:\/\/hoerakustik-lehmann.de\/cl\/sommercheck-fuer-ihre-hoersysteme\/#primaryimage\"},\"thumbnailUrl\":\"https:\/\/hoerakustik-lehmann.de\/cl\/wp-content\/uploads\/2025\/08\/pexels-cottonbro-8343928.jpg\",\"datePublished\":\"2025-08-25T06:43:32+00:00\",\"breadcrumb\":{\"@id\":\"https:\/\/hoerakustik-lehmann.de\/cl\/sommercheck-fuer-ihre-hoersysteme\/#breadcrumb\"},\"inLanguage\":\"de\",\"potentialAction\":[{\"@type\":\"ReadAction\",\"target\":[\"https:\/\/hoerakustik-lehmann.de\/cl\/sommercheck-fuer-ihre-hoersysteme\/\"]}]},{\"@type\":\"ImageObject\",\"inLanguage\":\"de\",\"@id\":\"https:\/\/hoerakustik-lehmann.de\/cl\/sommercheck-fuer-ihre-hoersysteme\/#primaryimage\",\"url\":\"https:\/\/hoerakustik-lehmann.de\/cl\/wp-content\/uploads\/2025\/08\/pexels-cottonbro-8343928.jpg\",\"contentUrl\":\"https:\/\/hoerakustik-lehmann.de\/cl\/wp-content\/uploads\/2025\/08\/pexels-cottonbro-8343928.jpg\",\"width\":2333,\"height\":1491},{\"@type\":\"BreadcrumbList\",\"@id\":\"https:\/\/hoerakustik-lehmann.de\/cl\/sommercheck-fuer-ihre-hoersysteme\/#breadcrumb\",\"itemListElement\":[{\"@type\":\"ListItem\",\"position\":1,\"name\":\"Startseite\",\"item\":\"https:\/\/hoerakustik-lehmann.de\/cl\/\"},{\"@type\":\"ListItem\",\"position\":2,\"name\":\"Sommercheck f\u00fcr Ihre H\u00f6rsysteme\"}]},{\"@type\":\"WebSite\",\"@id\":\"https:\/\/hoerakustik-lehmann.de\/cl\/#website\",\"url\":\"https:\/\/hoerakustik-lehmann.de\/cl\/\",\"name\":\"H\u00f6rger\u00e4te in Berlin - H\u00f6rakustik Lehmann\",\"description\":\"H\u00f6r-Beratung, H\u00f6rger\u00e4te und Zubeh\u00f6r\",\"publisher\":{\"@id\":\"https:\/\/hoerakustik-lehmann.de\/cl\/#organization\"},\"potentialAction\":[{\"@type\":\"SearchAction\",\"target\":{\"@type\":\"EntryPoint\",\"urlTemplate\":\"https:\/\/hoerakustik-lehmann.de\/cl\/?s={search_term_string}\"},\"query-input\":{\"@type\":\"PropertyValueSpecification\",\"valueRequired\":true,\"valueName\":\"search_term_string\"}}],\"inLanguage\":\"de\"},{\"@type\":[\"Organization\",\"Place\",\"LocalBusiness\"],\"@id\":\"https:\/\/hoerakustik-lehmann.de\/cl\/#organization\",\"name\":\"H\u00f6rakustik Lehmann\",\"url\":\"https:\/\/hoerakustik-lehmann.de\/cl\/\",\"logo\":{\"@id\":\"https:\/\/hoerakustik-lehmann.de\/cl\/sommercheck-fuer-ihre-hoersysteme\/#local-main-organization-logo\"},\"image\":{\"@id\":\"https:\/\/hoerakustik-lehmann.de\/cl\/sommercheck-fuer-ihre-hoersysteme\/#local-main-organization-logo\"},\"address\":{\"@id\":\"https:\/\/hoerakustik-lehmann.de\/cl\/sommercheck-fuer-ihre-hoersysteme\/#local-main-place-address\"},\"telephone\":[\"Tel. 030 \u2013 209 53 833\"],\"openingHoursSpecification\":[{\"@type\":\"OpeningHoursSpecification\",\"dayOfWeek\":[\"Monday\",\"Tuesday\",\"Wednesday\",\"Thursday\"],\"opens\":\"09:00\",\"closes\":\"18:00\"},{\"@type\":\"OpeningHoursSpecification\",\"dayOfWeek\":[\"Friday\"],\"opens\":\"09:00\",\"closes\":\"13:00\"},{\"@type\":\"OpeningHoursSpecification\",\"dayOfWeek\":[\"Saturday\",\"Sunday\"],\"opens\":\"00:00\",\"closes\":\"00:00\"}],\"email\":\"info@hoerakustik-lehmann.de\"},{\"@type\":\"Person\",\"@id\":\"https:\/\/hoerakustik-lehmann.de\/cl\/#\/schema\/person\/4d7b00780407818acdb20174f8352e58\",\"name\":\"audima\",\"image\":{\"@type\":\"ImageObject\",\"inLanguage\":\"de\",\"@id\":\"https:\/\/hoerakustik-lehmann.de\/cl\/#\/schema\/person\/image\/\",\"url\":\"https:\/\/secure.gravatar.com\/avatar\/400b9c84a66ac56740f94e6b9cbf73ad?s=96&d=mm&r=g\",\"contentUrl\":\"https:\/\/secure.gravatar.com\/avatar\/400b9c84a66ac56740f94e6b9cbf73ad?s=96&d=mm&r=g\",\"caption\":\"audima\"}},{\"@type\":\"PostalAddress\",\"@id\":\"https:\/\/hoerakustik-lehmann.de\/cl\/sommercheck-fuer-ihre-hoersysteme\/#local-main-place-address\",\"streetAddress\":\"D\u00f6rpfeldstr. 36\",\"addressLocality\":\"Berlin\",\"postalCode\":\"12489\",\"addressCountry\":\"DE\"},{\"@type\":\"ImageObject\",\"inLanguage\":\"de\",\"@id\":\"https:\/\/hoerakustik-lehmann.de\/cl\/sommercheck-fuer-ihre-hoersysteme\/#local-main-organization-logo\",\"url\":\"https:\/\/hoerakustik-lehmann.de\/cl\/wp-content\/uploads\/2020\/02\/logo2.png\",\"contentUrl\":\"https:\/\/hoerakustik-lehmann.de\/cl\/wp-content\/uploads\/2020\/02\/logo2.png\",\"width\":579,\"height\":181,\"caption\":\"H\u00f6rakustik Lehmann\"}]}<\/script>\n<meta name=\"geo.placename\" content=\"Berlin\" \/>\n<meta name=\"geo.region\" content=\"Deutschland\" \/>\n<!-- \/ Yoast SEO plugin. -->","yoast_head_json":{"title":"Sommercheck f\u00fcr Ihre H\u00f6rsysteme - H\u00f6rger\u00e4te in Berlin - H\u00f6rakustik Lehmann","robots":{"index":"index","follow":"follow","max-snippet":"max-snippet:-1","max-image-preview":"max-image-preview:large","max-video-preview":"max-video-preview:-1"},"canonical":"https:\/\/hoerakustik-lehmann.de\/cl\/sommercheck-fuer-ihre-hoersysteme\/","og_locale":"de_DE","og_type":"article","og_title":"Sommercheck f\u00fcr Ihre H\u00f6rsysteme - H\u00f6rger\u00e4te in Berlin - H\u00f6rakustik Lehmann","og_description":"Sonne, Schwei\u00df und Outdoor-Aktivit\u00e4ten hinterlassen Spuren \u2013 auch an H\u00f6rsystemen. Beim professionellen H\u00f6rger\u00e4te-Sommercheck reinigen und pr\u00fcfen wir Ihre Technik sorgf\u00e4ltig und nehmen, falls n\u00f6tig, Feineinstellungen vor. So funktionieren Ihre H\u00f6rsysteme auch in der kommenden Jahreszeit, dem bunten Herbst, zuverl\u00e4ssig \u2013 ob beim Spaziergang, beim Familiengespr\u00e4ch oder im Konzertsaal. Dieser Service ist f\u00fcr Sie nat\u00fcrlich kostenlos [&hellip;]","og_url":"https:\/\/hoerakustik-lehmann.de\/cl\/sommercheck-fuer-ihre-hoersysteme\/","og_site_name":"H\u00f6rger\u00e4te in Berlin - H\u00f6rakustik Lehmann","article_published_time":"2025-08-25T06:43:32+00:00","og_image":[{"width":2333,"height":1491,"url":"https:\/\/hoerakustik-lehmann.de\/cl\/wp-content\/uploads\/2025\/08\/pexels-cottonbro-8343928.jpg","type":"image\/jpeg"}],"author":"audima","twitter_card":"summary_large_image","twitter_misc":{"Verfasst von":"audima"},"schema":{"@context":"https:\/\/schema.org","@graph":[{"@type":"NewsArticle","@id":"https:\/\/hoerakustik-lehmann.de\/cl\/sommercheck-fuer-ihre-hoersysteme\/#article","isPartOf":{"@id":"https:\/\/hoerakustik-lehmann.de\/cl\/sommercheck-fuer-ihre-hoersysteme\/"},"author":{"name":"audima","@id":"https:\/\/hoerakustik-lehmann.de\/cl\/#\/schema\/person\/4d7b00780407818acdb20174f8352e58"},"headline":"Sommercheck f\u00fcr Ihre H\u00f6rsysteme","datePublished":"2025-08-25T06:43:32+00:00","mainEntityOfPage":{"@id":"https:\/\/hoerakustik-lehmann.de\/cl\/sommercheck-fuer-ihre-hoersysteme\/"},"wordCount":84,"publisher":{"@id":"https:\/\/hoerakustik-lehmann.de\/cl\/#organization"},"image":{"@id":"https:\/\/hoerakustik-lehmann.de\/cl\/sommercheck-fuer-ihre-hoersysteme\/#primaryimage"},"thumbnailUrl":"https:\/\/hoerakustik-lehmann.de\/cl\/wp-content\/uploads\/2025\/08\/pexels-cottonbro-8343928.jpg","keywords":["H\u00f6rakustiker","H\u00f6rger\u00e4te in Berlin","H\u00f6rsystem","k\u00fcnstliche Intelligenz"],"articleSection":["H\u00f6rakustik"],"inLanguage":"de"},{"@type":["WebPage","MedicalWebPage"],"@id":"https:\/\/hoerakustik-lehmann.de\/cl\/sommercheck-fuer-ihre-hoersysteme\/","url":"https:\/\/hoerakustik-lehmann.de\/cl\/sommercheck-fuer-ihre-hoersysteme\/","name":"Sommercheck f\u00fcr Ihre H\u00f6rsysteme - H\u00f6rger\u00e4te in Berlin - H\u00f6rakustik Lehmann","isPartOf":{"@id":"https:\/\/hoerakustik-lehmann.de\/cl\/#website"},"primaryImageOfPage":{"@id":"https:\/\/hoerakustik-lehmann.de\/cl\/sommercheck-fuer-ihre-hoersysteme\/#primaryimage"},"image":{"@id":"https:\/\/hoerakustik-lehmann.de\/cl\/sommercheck-fuer-ihre-hoersysteme\/#primaryimage"},"thumbnailUrl":"https:\/\/hoerakustik-lehmann.de\/cl\/wp-content\/uploads\/2025\/08\/pexels-cottonbro-8343928.jpg","datePublished":"2025-08-25T06:43:32+00:00","breadcrumb":{"@id":"https:\/\/hoerakustik-lehmann.de\/cl\/sommercheck-fuer-ihre-hoersysteme\/#breadcrumb"},"inLanguage":"de","potentialAction":[{"@type":"ReadAction","target":["https:\/\/hoerakustik-lehmann.de\/cl\/sommercheck-fuer-ihre-hoersysteme\/"]}]},{"@type":"ImageObject","inLanguage":"de","@id":"https:\/\/hoerakustik-lehmann.de\/cl\/sommercheck-fuer-ihre-hoersysteme\/#primaryimage","url":"https:\/\/hoerakustik-lehmann.de\/cl\/wp-content\/uploads\/2025\/08\/pexels-cottonbro-8343928.jpg","contentUrl":"https:\/\/hoerakustik-lehmann.de\/cl\/wp-content\/uploads\/2025\/08\/pexels-cottonbro-8343928.jpg","width":2333,"height":1491},{"@type":"BreadcrumbList","@id":"https:\/\/hoerakustik-lehmann.de\/cl\/sommercheck-fuer-ihre-hoersysteme\/#breadcrumb","itemListElement":[{"@type":"ListItem","position":1,"name":"Startseite","item":"https:\/\/hoerakustik-lehmann.de\/cl\/"},{"@type":"ListItem","position":2,"name":"Sommercheck f\u00fcr Ihre H\u00f6rsysteme"}]},{"@type":"WebSite","@id":"https:\/\/hoerakustik-lehmann.de\/cl\/#website","url":"https:\/\/hoerakustik-lehmann.de\/cl\/","name":"H\u00f6rger\u00e4te in Berlin - H\u00f6rakustik Lehmann","description":"H\u00f6r-Beratung, H\u00f6rger\u00e4te und Zubeh\u00f6r","publisher":{"@id":"https:\/\/hoerakustik-lehmann.de\/cl\/#organization"},"potentialAction":[{"@type":"SearchAction","target":{"@type":"EntryPoint","urlTemplate":"https:\/\/hoerakustik-lehmann.de\/cl\/?s={search_term_string}"},"query-input":{"@type":"PropertyValueSpecification","valueRequired":true,"valueName":"search_term_string"}}],"inLanguage":"de"},{"@type":["Organization","Place","LocalBusiness"],"@id":"https:\/\/hoerakustik-lehmann.de\/cl\/#organization","name":"H\u00f6rakustik Lehmann","url":"https:\/\/hoerakustik-lehmann.de\/cl\/","logo":{"@id":"https:\/\/hoerakustik-lehmann.de\/cl\/sommercheck-fuer-ihre-hoersysteme\/#local-main-organization-logo"},"image":{"@id":"https:\/\/hoerakustik-lehmann.de\/cl\/sommercheck-fuer-ihre-hoersysteme\/#local-main-organization-logo"},"address":{"@id":"https:\/\/hoerakustik-lehmann.de\/cl\/sommercheck-fuer-ihre-hoersysteme\/#local-main-place-address"},"telephone":["Tel. 030 \u2013 209 53 833"],"openingHoursSpecification":[{"@type":"OpeningHoursSpecification","dayOfWeek":["Monday","Tuesday","Wednesday","Thursday"],"opens":"09:00","closes":"18:00"},{"@type":"OpeningHoursSpecification","dayOfWeek":["Friday"],"opens":"09:00","closes":"13:00"},{"@type":"OpeningHoursSpecification","dayOfWeek":["Saturday","Sunday"],"opens":"00:00","closes":"00:00"}],"email":"info@hoerakustik-lehmann.de"},{"@type":"Person","@id":"https:\/\/hoerakustik-lehmann.de\/cl\/#\/schema\/person\/4d7b00780407818acdb20174f8352e58","name":"audima","image":{"@type":"ImageObject","inLanguage":"de","@id":"https:\/\/hoerakustik-lehmann.de\/cl\/#\/schema\/person\/image\/","url":"https:\/\/secure.gravatar.com\/avatar\/400b9c84a66ac56740f94e6b9cbf73ad?s=96&d=mm&r=g","contentUrl":"https:\/\/secure.gravatar.com\/avatar\/400b9c84a66ac56740f94e6b9cbf73ad?s=96&d=mm&r=g","caption":"audima"}},{"@type":"PostalAddress","@id":"https:\/\/hoerakustik-lehmann.de\/cl\/sommercheck-fuer-ihre-hoersysteme\/#local-main-place-address","streetAddress":"D\u00f6rpfeldstr. 36","addressLocality":"Berlin","postalCode":"12489","addressCountry":"DE"},{"@type":"ImageObject","inLanguage":"de","@id":"https:\/\/hoerakustik-lehmann.de\/cl\/sommercheck-fuer-ihre-hoersysteme\/#local-main-organization-logo","url":"https:\/\/hoerakustik-lehmann.de\/cl\/wp-content\/uploads\/2020\/02\/logo2.png","contentUrl":"https:\/\/hoerakustik-lehmann.de\/cl\/wp-content\/uploads\/2020\/02\/logo2.png","width":579,"height":181,"caption":"H\u00f6rakustik Lehmann"}]},"geo.placename":"Berlin","geo.region":"Deutschland"},"_links":{"self":[{"href":"https:\/\/hoerakustik-lehmann.de\/cl\/wp-json\/wp\/v2\/posts\/1357"}],"collection":[{"href":"https:\/\/hoerakustik-lehmann.de\/cl\/wp-json\/wp\/v2\/posts"}],"about":[{"href":"https:\/\/hoerakustik-lehmann.de\/cl\/wp-json\/wp\/v2\/types\/post"}],"author":[{"embeddable":true,"href":"https:\/\/hoerakustik-lehmann.de\/cl\/wp-json\/wp\/v2\/users\/1"}],"replies":[{"embeddable":true,"href":"https:\/\/hoerakustik-lehmann.de\/cl\/wp-json\/wp\/v2\/comments?post=1357"}],"version-history":[{"count":1,"href":"https:\/\/hoerakustik-lehmann.de\/cl\/wp-json\/wp\/v2\/posts\/1357\/revisions"}],"predecessor-version":[{"id":1359,"href":"https:\/\/hoerakustik-lehmann.de\/cl\/wp-json\/wp\/v2\/posts\/1357\/revisions\/1359"}],"wp:featuredmedia":[{"embeddable":true,"href":"https:\/\/hoerakustik-lehmann.de\/cl\/wp-json\/wp\/v2\/media\/1358"}],"wp:attachment":[{"href":"https:\/\/hoerakustik-lehmann.de\/cl\/wp-json\/wp\/v2\/media?parent=1357"}],"wp:term":[{"taxonomy":"category","embeddable":true,"href":"https:\/\/hoerakustik-lehmann.de\/cl\/wp-json\/wp\/v2\/categories?post=1357"},{"taxonomy":"post_tag","embeddable":true,"href":"https:\/\/hoerakustik-lehmann.de\/cl\/wp-json\/wp\/v2\/tags?post=1357"}],"curies":[{"name":"wp","href":"https:\/\/api.w.org\/{rel}","templated":true}]}}