{"id":1353,"date":"2025-07-25T08:43:59","date_gmt":"2025-07-25T06:43:59","guid":{"rendered":"https:\/\/hoerakustik-lehmann.de\/cl\/?p=1353"},"modified":"2025-07-25T08:43:59","modified_gmt":"2025-07-25T06:43:59","slug":"schwindel-hoerverlust-ein-oft-unterschaetzter-zusammenhang","status":"publish","type":"post","link":"https:\/\/hoerakustik-lehmann.de\/cl\/schwindel-hoerverlust-ein-oft-unterschaetzter-zusammenhang\/","title":{"rendered":"Schwindel &#038; H\u00f6rverlust: Ein oft untersch\u00e4tzter Zusammenhang"},"content":{"rendered":"<p data-renderer-start-pos=\"152\">Schwindel und Unsicherheiten beim Gehen k\u00f6nnen viele Ursachen haben \u2013 h\u00e4ufig steckt das Ohr dahinter. Denn: Unser Gleichgewichtssinn sitzt im Innenohr und ist eng mit dem Geh\u00f6r verbunden.<\/p>\n<p data-renderer-start-pos=\"341\">Ein nachlassendes Geh\u00f6r \u2013 vor allem im Alter \u2013 kann das Gleichgewicht beeintr\u00e4chtigen. Erkrankungen wie Morbus Meni\u00e8re oder Durchblutungsst\u00f6rungen im Innenohr verursachen oft gleichzeitig Schwindel, Tinnitus und H\u00f6rprobleme.<\/p>\n<p data-renderer-start-pos=\"567\"><strong data-renderer-mark=\"true\">Wichtig:<\/strong> Wer schlechter h\u00f6rt, nimmt Umgebungsger\u00e4usche und r\u00e4umliche Orientierung schlechter wahr \u2013 das erh\u00f6ht die Sturzgefahr.<\/p>\n<p data-renderer-start-pos=\"696\">Lassen Sie Schwindelgef\u00fchle nicht unbeachtet. Eine fr\u00fchzeitige H\u00f6ranalyse kann helfen, die Ursache zu finden und gezielt zu handeln.<\/p>\n<p data-renderer-start-pos=\"830\"><strong data-renderer-mark=\"true\">Jetzt Termin vereinbaren \u2013 f\u00fcr mehr Sicherheit und Lebensqualit\u00e4t.<\/strong><\/p>\n","protected":false},"excerpt":{"rendered":"<p>Schwindel und Unsicherheiten beim Gehen k\u00f6nnen viele Ursachen haben \u2013 h\u00e4ufig steckt das Ohr dahinter. Denn: Unser Gleichgewichtssinn sitzt im Innenohr und ist eng mit dem Geh\u00f6r verbunden. Ein nachlassendes Geh\u00f6r \u2013 vor allem im Alter \u2013 kann das Gleichgewicht beeintr\u00e4chtigen. Erkrankungen wie Morbus Meni\u00e8re oder Durchblutungsst\u00f6rungen im Innenohr verursachen oft gleichzeitig Schwindel, Tinnitus und [&hellip;]<\/p>\n","protected":false},"author":1,"featured_media":1354,"comment_status":"closed","ping_status":"closed","sticky":false,"template":"","format":"standard","meta":{"_mi_skip_tracking":false,"_monsterinsights_sitenote_active":false,"_monsterinsights_sitenote_note":"","_monsterinsights_sitenote_category":0,"footnotes":""},"categories":[3],"tags":[37,44,38,10],"class_list":["post-1353","post","type-post","status-publish","format-standard","has-post-thumbnail","hentry","category-hoerakustik","tag-hoerakustiker","tag-hoergeraete-in-berlin","tag-hoersystem","tag-kuenstliche-intelligenz"],"yoast_head":"<!-- This site is optimized with the Yoast SEO plugin v25.3.1 - https:\/\/yoast.com\/wordpress\/plugins\/seo\/ -->\n<title>Schwindel &amp; H\u00f6rverlust: Ein oft untersch\u00e4tzter Zusammenhang - H\u00f6rger\u00e4te in Berlin - H\u00f6rakustik Lehmann<\/title>\n<meta name=\"robots\" content=\"index, follow, max-snippet:-1, max-image-preview:large, max-video-preview:-1\" \/>\n<link rel=\"canonical\" href=\"https:\/\/hoerakustik-lehmann.de\/cl\/schwindel-hoerverlust-ein-oft-unterschaetzter-zusammenhang\/\" \/>\n<meta property=\"og:locale\" content=\"de_DE\" \/>\n<meta property=\"og:type\" content=\"article\" \/>\n<meta property=\"og:title\" content=\"Schwindel &amp; H\u00f6rverlust: Ein oft untersch\u00e4tzter Zusammenhang - H\u00f6rger\u00e4te in Berlin - H\u00f6rakustik Lehmann\" \/>\n<meta property=\"og:description\" content=\"Schwindel und Unsicherheiten beim Gehen k\u00f6nnen viele Ursachen haben \u2013 h\u00e4ufig steckt das Ohr dahinter. Denn: Unser Gleichgewichtssinn sitzt im Innenohr und ist eng mit dem Geh\u00f6r verbunden. Ein nachlassendes Geh\u00f6r \u2013 vor allem im Alter \u2013 kann das Gleichgewicht beeintr\u00e4chtigen. Erkrankungen wie Morbus Meni\u00e8re oder Durchblutungsst\u00f6rungen im Innenohr verursachen oft gleichzeitig Schwindel, Tinnitus und [&hellip;]\" \/>\n<meta property=\"og:url\" content=\"https:\/\/hoerakustik-lehmann.de\/cl\/schwindel-hoerverlust-ein-oft-unterschaetzter-zusammenhang\/\" \/>\n<meta property=\"og:site_name\" content=\"H\u00f6rger\u00e4te in Berlin - H\u00f6rakustik Lehmann\" \/>\n<meta property=\"article:published_time\" content=\"2025-07-25T06:43:59+00:00\" \/>\n<meta property=\"og:image\" content=\"https:\/\/hoerakustik-lehmann.de\/cl\/wp-content\/uploads\/2025\/07\/pexels-nandhukumar-3128391-scaled.jpg\" \/>\n\t<meta property=\"og:image:width\" content=\"2560\" \/>\n\t<meta property=\"og:image:height\" content=\"1707\" \/>\n\t<meta property=\"og:image:type\" content=\"image\/jpeg\" \/>\n<meta name=\"author\" content=\"audima\" \/>\n<meta name=\"twitter:card\" content=\"summary_large_image\" \/>\n<meta name=\"twitter:label1\" content=\"Verfasst von\" \/>\n\t<meta name=\"twitter:data1\" content=\"audima\" \/>\n\t<meta name=\"twitter:label2\" content=\"Gesch\u00e4tzte Lesezeit\" \/>\n\t<meta name=\"twitter:data2\" content=\"1\u00a0Minute\" \/>\n<script type=\"application\/ld+json\" class=\"yoast-schema-graph\">{\"@context\":\"https:\/\/schema.org\",\"@graph\":[{\"@type\":\"NewsArticle\",\"@id\":\"https:\/\/hoerakustik-lehmann.de\/cl\/schwindel-hoerverlust-ein-oft-unterschaetzter-zusammenhang\/#article\",\"isPartOf\":{\"@id\":\"https:\/\/hoerakustik-lehmann.de\/cl\/schwindel-hoerverlust-ein-oft-unterschaetzter-zusammenhang\/\"},\"author\":{\"name\":\"audima\",\"@id\":\"https:\/\/hoerakustik-lehmann.de\/cl\/#\/schema\/person\/4d7b00780407818acdb20174f8352e58\"},\"headline\":\"Schwindel &#038; H\u00f6rverlust: Ein oft untersch\u00e4tzter Zusammenhang\",\"datePublished\":\"2025-07-25T06:43:59+00:00\",\"mainEntityOfPage\":{\"@id\":\"https:\/\/hoerakustik-lehmann.de\/cl\/schwindel-hoerverlust-ein-oft-unterschaetzter-zusammenhang\/\"},\"wordCount\":119,\"publisher\":{\"@id\":\"https:\/\/hoerakustik-lehmann.de\/cl\/#organization\"},\"image\":{\"@id\":\"https:\/\/hoerakustik-lehmann.de\/cl\/schwindel-hoerverlust-ein-oft-unterschaetzter-zusammenhang\/#primaryimage\"},\"thumbnailUrl\":\"https:\/\/hoerakustik-lehmann.de\/cl\/wp-content\/uploads\/2025\/07\/pexels-nandhukumar-3128391-scaled.jpg\",\"keywords\":[\"H\u00f6rakustiker\",\"H\u00f6rger\u00e4te in Berlin\",\"H\u00f6rsystem\",\"k\u00fcnstliche Intelligenz\"],\"articleSection\":[\"H\u00f6rakustik\"],\"inLanguage\":\"de\"},{\"@type\":[\"WebPage\",\"MedicalWebPage\"],\"@id\":\"https:\/\/hoerakustik-lehmann.de\/cl\/schwindel-hoerverlust-ein-oft-unterschaetzter-zusammenhang\/\",\"url\":\"https:\/\/hoerakustik-lehmann.de\/cl\/schwindel-hoerverlust-ein-oft-unterschaetzter-zusammenhang\/\",\"name\":\"Schwindel & H\u00f6rverlust: Ein oft untersch\u00e4tzter Zusammenhang - H\u00f6rger\u00e4te in Berlin - H\u00f6rakustik Lehmann\",\"isPartOf\":{\"@id\":\"https:\/\/hoerakustik-lehmann.de\/cl\/#website\"},\"primaryImageOfPage\":{\"@id\":\"https:\/\/hoerakustik-lehmann.de\/cl\/schwindel-hoerverlust-ein-oft-unterschaetzter-zusammenhang\/#primaryimage\"},\"image\":{\"@id\":\"https:\/\/hoerakustik-lehmann.de\/cl\/schwindel-hoerverlust-ein-oft-unterschaetzter-zusammenhang\/#primaryimage\"},\"thumbnailUrl\":\"https:\/\/hoerakustik-lehmann.de\/cl\/wp-content\/uploads\/2025\/07\/pexels-nandhukumar-3128391-scaled.jpg\",\"datePublished\":\"2025-07-25T06:43:59+00:00\",\"breadcrumb\":{\"@id\":\"https:\/\/hoerakustik-lehmann.de\/cl\/schwindel-hoerverlust-ein-oft-unterschaetzter-zusammenhang\/#breadcrumb\"},\"inLanguage\":\"de\",\"potentialAction\":[{\"@type\":\"ReadAction\",\"target\":[\"https:\/\/hoerakustik-lehmann.de\/cl\/schwindel-hoerverlust-ein-oft-unterschaetzter-zusammenhang\/\"]}]},{\"@type\":\"ImageObject\",\"inLanguage\":\"de\",\"@id\":\"https:\/\/hoerakustik-lehmann.de\/cl\/schwindel-hoerverlust-ein-oft-unterschaetzter-zusammenhang\/#primaryimage\",\"url\":\"https:\/\/hoerakustik-lehmann.de\/cl\/wp-content\/uploads\/2025\/07\/pexels-nandhukumar-3128391-scaled.jpg\",\"contentUrl\":\"https:\/\/hoerakustik-lehmann.de\/cl\/wp-content\/uploads\/2025\/07\/pexels-nandhukumar-3128391-scaled.jpg\",\"width\":2560,\"height\":1707},{\"@type\":\"BreadcrumbList\",\"@id\":\"https:\/\/hoerakustik-lehmann.de\/cl\/schwindel-hoerverlust-ein-oft-unterschaetzter-zusammenhang\/#breadcrumb\",\"itemListElement\":[{\"@type\":\"ListItem\",\"position\":1,\"name\":\"Startseite\",\"item\":\"https:\/\/hoerakustik-lehmann.de\/cl\/\"},{\"@type\":\"ListItem\",\"position\":2,\"name\":\"Schwindel &#038; H\u00f6rverlust: Ein oft untersch\u00e4tzter Zusammenhang\"}]},{\"@type\":\"WebSite\",\"@id\":\"https:\/\/hoerakustik-lehmann.de\/cl\/#website\",\"url\":\"https:\/\/hoerakustik-lehmann.de\/cl\/\",\"name\":\"H\u00f6rger\u00e4te in Berlin - H\u00f6rakustik Lehmann\",\"description\":\"H\u00f6r-Beratung, H\u00f6rger\u00e4te und Zubeh\u00f6r\",\"publisher\":{\"@id\":\"https:\/\/hoerakustik-lehmann.de\/cl\/#organization\"},\"potentialAction\":[{\"@type\":\"SearchAction\",\"target\":{\"@type\":\"EntryPoint\",\"urlTemplate\":\"https:\/\/hoerakustik-lehmann.de\/cl\/?s={search_term_string}\"},\"query-input\":{\"@type\":\"PropertyValueSpecification\",\"valueRequired\":true,\"valueName\":\"search_term_string\"}}],\"inLanguage\":\"de\"},{\"@type\":[\"Organization\",\"Place\",\"LocalBusiness\"],\"@id\":\"https:\/\/hoerakustik-lehmann.de\/cl\/#organization\",\"name\":\"H\u00f6rakustik Lehmann\",\"url\":\"https:\/\/hoerakustik-lehmann.de\/cl\/\",\"logo\":{\"@id\":\"https:\/\/hoerakustik-lehmann.de\/cl\/schwindel-hoerverlust-ein-oft-unterschaetzter-zusammenhang\/#local-main-organization-logo\"},\"image\":{\"@id\":\"https:\/\/hoerakustik-lehmann.de\/cl\/schwindel-hoerverlust-ein-oft-unterschaetzter-zusammenhang\/#local-main-organization-logo\"},\"address\":{\"@id\":\"https:\/\/hoerakustik-lehmann.de\/cl\/schwindel-hoerverlust-ein-oft-unterschaetzter-zusammenhang\/#local-main-place-address\"},\"telephone\":[\"Tel. 030 \u2013 209 53 833\"],\"openingHoursSpecification\":[{\"@type\":\"OpeningHoursSpecification\",\"dayOfWeek\":[\"Monday\",\"Tuesday\",\"Wednesday\",\"Thursday\"],\"opens\":\"09:00\",\"closes\":\"18:00\"},{\"@type\":\"OpeningHoursSpecification\",\"dayOfWeek\":[\"Friday\"],\"opens\":\"09:00\",\"closes\":\"13:00\"},{\"@type\":\"OpeningHoursSpecification\",\"dayOfWeek\":[\"Saturday\",\"Sunday\"],\"opens\":\"00:00\",\"closes\":\"00:00\"}],\"email\":\"info@hoerakustik-lehmann.de\"},{\"@type\":\"Person\",\"@id\":\"https:\/\/hoerakustik-lehmann.de\/cl\/#\/schema\/person\/4d7b00780407818acdb20174f8352e58\",\"name\":\"audima\",\"image\":{\"@type\":\"ImageObject\",\"inLanguage\":\"de\",\"@id\":\"https:\/\/hoerakustik-lehmann.de\/cl\/#\/schema\/person\/image\/\",\"url\":\"https:\/\/secure.gravatar.com\/avatar\/400b9c84a66ac56740f94e6b9cbf73ad?s=96&d=mm&r=g\",\"contentUrl\":\"https:\/\/secure.gravatar.com\/avatar\/400b9c84a66ac56740f94e6b9cbf73ad?s=96&d=mm&r=g\",\"caption\":\"audima\"}},{\"@type\":\"PostalAddress\",\"@id\":\"https:\/\/hoerakustik-lehmann.de\/cl\/schwindel-hoerverlust-ein-oft-unterschaetzter-zusammenhang\/#local-main-place-address\",\"streetAddress\":\"D\u00f6rpfeldstr. 36\",\"addressLocality\":\"Berlin\",\"postalCode\":\"12489\",\"addressCountry\":\"DE\"},{\"@type\":\"ImageObject\",\"inLanguage\":\"de\",\"@id\":\"https:\/\/hoerakustik-lehmann.de\/cl\/schwindel-hoerverlust-ein-oft-unterschaetzter-zusammenhang\/#local-main-organization-logo\",\"url\":\"https:\/\/hoerakustik-lehmann.de\/cl\/wp-content\/uploads\/2020\/02\/logo2.png\",\"contentUrl\":\"https:\/\/hoerakustik-lehmann.de\/cl\/wp-content\/uploads\/2020\/02\/logo2.png\",\"width\":579,\"height\":181,\"caption\":\"H\u00f6rakustik Lehmann\"}]}<\/script>\n<meta name=\"geo.placename\" content=\"Berlin\" \/>\n<meta name=\"geo.region\" content=\"Deutschland\" \/>\n<!-- \/ Yoast SEO plugin. -->","yoast_head_json":{"title":"Schwindel & H\u00f6rverlust: Ein oft untersch\u00e4tzter Zusammenhang - H\u00f6rger\u00e4te in Berlin - H\u00f6rakustik Lehmann","robots":{"index":"index","follow":"follow","max-snippet":"max-snippet:-1","max-image-preview":"max-image-preview:large","max-video-preview":"max-video-preview:-1"},"canonical":"https:\/\/hoerakustik-lehmann.de\/cl\/schwindel-hoerverlust-ein-oft-unterschaetzter-zusammenhang\/","og_locale":"de_DE","og_type":"article","og_title":"Schwindel & H\u00f6rverlust: Ein oft untersch\u00e4tzter Zusammenhang - H\u00f6rger\u00e4te in Berlin - H\u00f6rakustik Lehmann","og_description":"Schwindel und Unsicherheiten beim Gehen k\u00f6nnen viele Ursachen haben \u2013 h\u00e4ufig steckt das Ohr dahinter. Denn: Unser Gleichgewichtssinn sitzt im Innenohr und ist eng mit dem Geh\u00f6r verbunden. Ein nachlassendes Geh\u00f6r \u2013 vor allem im Alter \u2013 kann das Gleichgewicht beeintr\u00e4chtigen. Erkrankungen wie Morbus Meni\u00e8re oder Durchblutungsst\u00f6rungen im Innenohr verursachen oft gleichzeitig Schwindel, Tinnitus und [&hellip;]","og_url":"https:\/\/hoerakustik-lehmann.de\/cl\/schwindel-hoerverlust-ein-oft-unterschaetzter-zusammenhang\/","og_site_name":"H\u00f6rger\u00e4te in Berlin - H\u00f6rakustik Lehmann","article_published_time":"2025-07-25T06:43:59+00:00","og_image":[{"width":2560,"height":1707,"url":"https:\/\/hoerakustik-lehmann.de\/cl\/wp-content\/uploads\/2025\/07\/pexels-nandhukumar-3128391-scaled.jpg","type":"image\/jpeg"}],"author":"audima","twitter_card":"summary_large_image","twitter_misc":{"Verfasst von":"audima","Gesch\u00e4tzte Lesezeit":"1\u00a0Minute"},"schema":{"@context":"https:\/\/schema.org","@graph":[{"@type":"NewsArticle","@id":"https:\/\/hoerakustik-lehmann.de\/cl\/schwindel-hoerverlust-ein-oft-unterschaetzter-zusammenhang\/#article","isPartOf":{"@id":"https:\/\/hoerakustik-lehmann.de\/cl\/schwindel-hoerverlust-ein-oft-unterschaetzter-zusammenhang\/"},"author":{"name":"audima","@id":"https:\/\/hoerakustik-lehmann.de\/cl\/#\/schema\/person\/4d7b00780407818acdb20174f8352e58"},"headline":"Schwindel &#038; H\u00f6rverlust: Ein oft untersch\u00e4tzter Zusammenhang","datePublished":"2025-07-25T06:43:59+00:00","mainEntityOfPage":{"@id":"https:\/\/hoerakustik-lehmann.de\/cl\/schwindel-hoerverlust-ein-oft-unterschaetzter-zusammenhang\/"},"wordCount":119,"publisher":{"@id":"https:\/\/hoerakustik-lehmann.de\/cl\/#organization"},"image":{"@id":"https:\/\/hoerakustik-lehmann.de\/cl\/schwindel-hoerverlust-ein-oft-unterschaetzter-zusammenhang\/#primaryimage"},"thumbnailUrl":"https:\/\/hoerakustik-lehmann.de\/cl\/wp-content\/uploads\/2025\/07\/pexels-nandhukumar-3128391-scaled.jpg","keywords":["H\u00f6rakustiker","H\u00f6rger\u00e4te in Berlin","H\u00f6rsystem","k\u00fcnstliche Intelligenz"],"articleSection":["H\u00f6rakustik"],"inLanguage":"de"},{"@type":["WebPage","MedicalWebPage"],"@id":"https:\/\/hoerakustik-lehmann.de\/cl\/schwindel-hoerverlust-ein-oft-unterschaetzter-zusammenhang\/","url":"https:\/\/hoerakustik-lehmann.de\/cl\/schwindel-hoerverlust-ein-oft-unterschaetzter-zusammenhang\/","name":"Schwindel & H\u00f6rverlust: Ein oft untersch\u00e4tzter Zusammenhang - H\u00f6rger\u00e4te in Berlin - H\u00f6rakustik Lehmann","isPartOf":{"@id":"https:\/\/hoerakustik-lehmann.de\/cl\/#website"},"primaryImageOfPage":{"@id":"https:\/\/hoerakustik-lehmann.de\/cl\/schwindel-hoerverlust-ein-oft-unterschaetzter-zusammenhang\/#primaryimage"},"image":{"@id":"https:\/\/hoerakustik-lehmann.de\/cl\/schwindel-hoerverlust-ein-oft-unterschaetzter-zusammenhang\/#primaryimage"},"thumbnailUrl":"https:\/\/hoerakustik-lehmann.de\/cl\/wp-content\/uploads\/2025\/07\/pexels-nandhukumar-3128391-scaled.jpg","datePublished":"2025-07-25T06:43:59+00:00","breadcrumb":{"@id":"https:\/\/hoerakustik-lehmann.de\/cl\/schwindel-hoerverlust-ein-oft-unterschaetzter-zusammenhang\/#breadcrumb"},"inLanguage":"de","potentialAction":[{"@type":"ReadAction","target":["https:\/\/hoerakustik-lehmann.de\/cl\/schwindel-hoerverlust-ein-oft-unterschaetzter-zusammenhang\/"]}]},{"@type":"ImageObject","inLanguage":"de","@id":"https:\/\/hoerakustik-lehmann.de\/cl\/schwindel-hoerverlust-ein-oft-unterschaetzter-zusammenhang\/#primaryimage","url":"https:\/\/hoerakustik-lehmann.de\/cl\/wp-content\/uploads\/2025\/07\/pexels-nandhukumar-3128391-scaled.jpg","contentUrl":"https:\/\/hoerakustik-lehmann.de\/cl\/wp-content\/uploads\/2025\/07\/pexels-nandhukumar-3128391-scaled.jpg","width":2560,"height":1707},{"@type":"BreadcrumbList","@id":"https:\/\/hoerakustik-lehmann.de\/cl\/schwindel-hoerverlust-ein-oft-unterschaetzter-zusammenhang\/#breadcrumb","itemListElement":[{"@type":"ListItem","position":1,"name":"Startseite","item":"https:\/\/hoerakustik-lehmann.de\/cl\/"},{"@type":"ListItem","position":2,"name":"Schwindel &#038; H\u00f6rverlust: Ein oft untersch\u00e4tzter Zusammenhang"}]},{"@type":"WebSite","@id":"https:\/\/hoerakustik-lehmann.de\/cl\/#website","url":"https:\/\/hoerakustik-lehmann.de\/cl\/","name":"H\u00f6rger\u00e4te in Berlin - H\u00f6rakustik Lehmann","description":"H\u00f6r-Beratung, H\u00f6rger\u00e4te und Zubeh\u00f6r","publisher":{"@id":"https:\/\/hoerakustik-lehmann.de\/cl\/#organization"},"potentialAction":[{"@type":"SearchAction","target":{"@type":"EntryPoint","urlTemplate":"https:\/\/hoerakustik-lehmann.de\/cl\/?s={search_term_string}"},"query-input":{"@type":"PropertyValueSpecification","valueRequired":true,"valueName":"search_term_string"}}],"inLanguage":"de"},{"@type":["Organization","Place","LocalBusiness"],"@id":"https:\/\/hoerakustik-lehmann.de\/cl\/#organization","name":"H\u00f6rakustik Lehmann","url":"https:\/\/hoerakustik-lehmann.de\/cl\/","logo":{"@id":"https:\/\/hoerakustik-lehmann.de\/cl\/schwindel-hoerverlust-ein-oft-unterschaetzter-zusammenhang\/#local-main-organization-logo"},"image":{"@id":"https:\/\/hoerakustik-lehmann.de\/cl\/schwindel-hoerverlust-ein-oft-unterschaetzter-zusammenhang\/#local-main-organization-logo"},"address":{"@id":"https:\/\/hoerakustik-lehmann.de\/cl\/schwindel-hoerverlust-ein-oft-unterschaetzter-zusammenhang\/#local-main-place-address"},"telephone":["Tel. 030 \u2013 209 53 833"],"openingHoursSpecification":[{"@type":"OpeningHoursSpecification","dayOfWeek":["Monday","Tuesday","Wednesday","Thursday"],"opens":"09:00","closes":"18:00"},{"@type":"OpeningHoursSpecification","dayOfWeek":["Friday"],"opens":"09:00","closes":"13:00"},{"@type":"OpeningHoursSpecification","dayOfWeek":["Saturday","Sunday"],"opens":"00:00","closes":"00:00"}],"email":"info@hoerakustik-lehmann.de"},{"@type":"Person","@id":"https:\/\/hoerakustik-lehmann.de\/cl\/#\/schema\/person\/4d7b00780407818acdb20174f8352e58","name":"audima","image":{"@type":"ImageObject","inLanguage":"de","@id":"https:\/\/hoerakustik-lehmann.de\/cl\/#\/schema\/person\/image\/","url":"https:\/\/secure.gravatar.com\/avatar\/400b9c84a66ac56740f94e6b9cbf73ad?s=96&d=mm&r=g","contentUrl":"https:\/\/secure.gravatar.com\/avatar\/400b9c84a66ac56740f94e6b9cbf73ad?s=96&d=mm&r=g","caption":"audima"}},{"@type":"PostalAddress","@id":"https:\/\/hoerakustik-lehmann.de\/cl\/schwindel-hoerverlust-ein-oft-unterschaetzter-zusammenhang\/#local-main-place-address","streetAddress":"D\u00f6rpfeldstr. 36","addressLocality":"Berlin","postalCode":"12489","addressCountry":"DE"},{"@type":"ImageObject","inLanguage":"de","@id":"https:\/\/hoerakustik-lehmann.de\/cl\/schwindel-hoerverlust-ein-oft-unterschaetzter-zusammenhang\/#local-main-organization-logo","url":"https:\/\/hoerakustik-lehmann.de\/cl\/wp-content\/uploads\/2020\/02\/logo2.png","contentUrl":"https:\/\/hoerakustik-lehmann.de\/cl\/wp-content\/uploads\/2020\/02\/logo2.png","width":579,"height":181,"caption":"H\u00f6rakustik Lehmann"}]},"geo.placename":"Berlin","geo.region":"Deutschland"},"_links":{"self":[{"href":"https:\/\/hoerakustik-lehmann.de\/cl\/wp-json\/wp\/v2\/posts\/1353"}],"collection":[{"href":"https:\/\/hoerakustik-lehmann.de\/cl\/wp-json\/wp\/v2\/posts"}],"about":[{"href":"https:\/\/hoerakustik-lehmann.de\/cl\/wp-json\/wp\/v2\/types\/post"}],"author":[{"embeddable":true,"href":"https:\/\/hoerakustik-lehmann.de\/cl\/wp-json\/wp\/v2\/users\/1"}],"replies":[{"embeddable":true,"href":"https:\/\/hoerakustik-lehmann.de\/cl\/wp-json\/wp\/v2\/comments?post=1353"}],"version-history":[{"count":1,"href":"https:\/\/hoerakustik-lehmann.de\/cl\/wp-json\/wp\/v2\/posts\/1353\/revisions"}],"predecessor-version":[{"id":1355,"href":"https:\/\/hoerakustik-lehmann.de\/cl\/wp-json\/wp\/v2\/posts\/1353\/revisions\/1355"}],"wp:featuredmedia":[{"embeddable":true,"href":"https:\/\/hoerakustik-lehmann.de\/cl\/wp-json\/wp\/v2\/media\/1354"}],"wp:attachment":[{"href":"https:\/\/hoerakustik-lehmann.de\/cl\/wp-json\/wp\/v2\/media?parent=1353"}],"wp:term":[{"taxonomy":"category","embeddable":true,"href":"https:\/\/hoerakustik-lehmann.de\/cl\/wp-json\/wp\/v2\/categories?post=1353"},{"taxonomy":"post_tag","embeddable":true,"href":"https:\/\/hoerakustik-lehmann.de\/cl\/wp-json\/wp\/v2\/tags?post=1353"}],"curies":[{"name":"wp","href":"https:\/\/api.w.org\/{rel}","templated":true}]}}