{"id":1349,"date":"2025-06-30T09:12:45","date_gmt":"2025-06-30T07:12:45","guid":{"rendered":"https:\/\/hoerakustik-lehmann.de\/cl\/?p=1349"},"modified":"2025-06-30T09:13:21","modified_gmt":"2025-06-30T07:13:21","slug":"sommerhitze-hoergeraete-was-jetzt-wichtig-ist","status":"publish","type":"post","link":"https:\/\/hoerakustik-lehmann.de\/cl\/sommerhitze-hoergeraete-was-jetzt-wichtig-ist\/","title":{"rendered":"Sommerhitze &#038; H\u00f6rger\u00e4te: Was jetzt wichtig ist"},"content":{"rendered":"<p>Die Temperaturen steigen \u2013 f\u00fcr H\u00f6rger\u00e4tetr\u00e4gerinnen und -tr\u00e4ger hei\u00dft das: aufpassen. Denn Schwei\u00df, Hitze und Wasser k\u00f6nnen die Technik belasten. Wer sein H\u00f6rger\u00e4t jetzt richtig pflegt, vermeidet Ausf\u00e4lle und unn\u00f6tige Reparaturen.<\/p>\n<p><strong>Schwei\u00df:<\/strong> Bei 30 Grad und mehr schwitzt jeder. Hinter dem Ohr sammelt sich Feuchtigkeit, die ins Ger\u00e4t eindringen kann. Unser Tipp: H\u00f6rger\u00e4t regelm\u00e4\u00dfig trocknen \u2013 am besten \u00fcber Nacht in einer Trockenbox.<\/p>\n<p><strong>Hitze:<\/strong> H\u00f6rger\u00e4te sollten vor direkter Sonneneinstrahlung gesch\u00fctzt werden \u2013 zum Beispiel beim Sonnenbaden oder bei l\u00e4ngeren Aufenthalten im Freien. Zu viel W\u00e4rme kann die empfindliche Elektronik beeintr\u00e4chtigen.<\/p>\n<p><strong>Wasser:<\/strong> Vor dem Schwimmen, Duschen oder Baden gilt: H\u00f6rger\u00e4t raus. Selbst kleine Mengen Wasser oder Dampf k\u00f6nnen zu Fehlfunktionen f\u00fchren.<\/p>\n<p>Mit diesen einfachen Ma\u00dfnahmen bleibt Ihr H\u00f6rger\u00e4t auch im Sommer zuverl\u00e4ssig. Wenn Sie Fragen haben oder Zubeh\u00f6r brauchen \u2013 wir sind f\u00fcr Sie da.<\/p>\n","protected":false},"excerpt":{"rendered":"<p>Die Temperaturen steigen \u2013 f\u00fcr H\u00f6rger\u00e4tetr\u00e4gerinnen und -tr\u00e4ger hei\u00dft das: aufpassen. Denn Schwei\u00df, Hitze und Wasser k\u00f6nnen die Technik belasten. Wer sein H\u00f6rger\u00e4t jetzt richtig pflegt, vermeidet Ausf\u00e4lle und unn\u00f6tige Reparaturen. Schwei\u00df: Bei 30 Grad und mehr schwitzt jeder. Hinter dem Ohr sammelt sich Feuchtigkeit, die ins Ger\u00e4t eindringen kann. Unser Tipp: H\u00f6rger\u00e4t regelm\u00e4\u00dfig trocknen [&hellip;]<\/p>\n","protected":false},"author":1,"featured_media":1351,"comment_status":"closed","ping_status":"closed","sticky":false,"template":"","format":"standard","meta":{"_mi_skip_tracking":false,"_monsterinsights_sitenote_active":false,"_monsterinsights_sitenote_note":"","_monsterinsights_sitenote_category":0,"footnotes":""},"categories":[3],"tags":[37,44,38,10],"class_list":["post-1349","post","type-post","status-publish","format-standard","has-post-thumbnail","hentry","category-hoerakustik","tag-hoerakustiker","tag-hoergeraete-in-berlin","tag-hoersystem","tag-kuenstliche-intelligenz"],"yoast_head":"<!-- This site is optimized with the Yoast SEO plugin v25.3.1 - https:\/\/yoast.com\/wordpress\/plugins\/seo\/ -->\n<title>Sommerhitze &amp; H\u00f6rger\u00e4te: Was jetzt wichtig ist - H\u00f6rger\u00e4te in Berlin - H\u00f6rakustik Lehmann<\/title>\n<meta name=\"robots\" content=\"index, follow, max-snippet:-1, max-image-preview:large, max-video-preview:-1\" \/>\n<link rel=\"canonical\" href=\"https:\/\/hoerakustik-lehmann.de\/cl\/sommerhitze-hoergeraete-was-jetzt-wichtig-ist\/\" \/>\n<meta property=\"og:locale\" content=\"de_DE\" \/>\n<meta property=\"og:type\" content=\"article\" \/>\n<meta property=\"og:title\" content=\"Sommerhitze &amp; H\u00f6rger\u00e4te: Was jetzt wichtig ist - H\u00f6rger\u00e4te in Berlin - H\u00f6rakustik Lehmann\" \/>\n<meta property=\"og:description\" content=\"Die Temperaturen steigen \u2013 f\u00fcr H\u00f6rger\u00e4tetr\u00e4gerinnen und -tr\u00e4ger hei\u00dft das: aufpassen. Denn Schwei\u00df, Hitze und Wasser k\u00f6nnen die Technik belasten. Wer sein H\u00f6rger\u00e4t jetzt richtig pflegt, vermeidet Ausf\u00e4lle und unn\u00f6tige Reparaturen. Schwei\u00df: Bei 30 Grad und mehr schwitzt jeder. Hinter dem Ohr sammelt sich Feuchtigkeit, die ins Ger\u00e4t eindringen kann. Unser Tipp: H\u00f6rger\u00e4t regelm\u00e4\u00dfig trocknen [&hellip;]\" \/>\n<meta property=\"og:url\" content=\"https:\/\/hoerakustik-lehmann.de\/cl\/sommerhitze-hoergeraete-was-jetzt-wichtig-ist\/\" \/>\n<meta property=\"og:site_name\" content=\"H\u00f6rger\u00e4te in Berlin - H\u00f6rakustik Lehmann\" \/>\n<meta property=\"article:published_time\" content=\"2025-06-30T07:12:45+00:00\" \/>\n<meta property=\"article:modified_time\" content=\"2025-06-30T07:13:21+00:00\" \/>\n<meta property=\"og:image\" content=\"https:\/\/hoerakustik-lehmann.de\/cl\/wp-content\/uploads\/2025\/06\/pexels-keeganjchecks-29889202-scaled.jpg\" \/>\n\t<meta property=\"og:image:width\" content=\"2560\" \/>\n\t<meta property=\"og:image:height\" content=\"1707\" \/>\n\t<meta property=\"og:image:type\" content=\"image\/jpeg\" \/>\n<meta name=\"author\" content=\"audima\" \/>\n<meta name=\"twitter:card\" content=\"summary_large_image\" \/>\n<meta name=\"twitter:label1\" content=\"Verfasst von\" \/>\n\t<meta name=\"twitter:data1\" content=\"audima\" \/>\n\t<meta name=\"twitter:label2\" content=\"Gesch\u00e4tzte Lesezeit\" \/>\n\t<meta name=\"twitter:data2\" content=\"1\u00a0Minute\" \/>\n<script type=\"application\/ld+json\" class=\"yoast-schema-graph\">{\"@context\":\"https:\/\/schema.org\",\"@graph\":[{\"@type\":\"NewsArticle\",\"@id\":\"https:\/\/hoerakustik-lehmann.de\/cl\/sommerhitze-hoergeraete-was-jetzt-wichtig-ist\/#article\",\"isPartOf\":{\"@id\":\"https:\/\/hoerakustik-lehmann.de\/cl\/sommerhitze-hoergeraete-was-jetzt-wichtig-ist\/\"},\"author\":{\"name\":\"audima\",\"@id\":\"https:\/\/hoerakustik-lehmann.de\/cl\/#\/schema\/person\/4d7b00780407818acdb20174f8352e58\"},\"headline\":\"Sommerhitze &#038; H\u00f6rger\u00e4te: Was jetzt wichtig ist\",\"datePublished\":\"2025-06-30T07:12:45+00:00\",\"dateModified\":\"2025-06-30T07:13:21+00:00\",\"mainEntityOfPage\":{\"@id\":\"https:\/\/hoerakustik-lehmann.de\/cl\/sommerhitze-hoergeraete-was-jetzt-wichtig-ist\/\"},\"wordCount\":168,\"publisher\":{\"@id\":\"https:\/\/hoerakustik-lehmann.de\/cl\/#organization\"},\"image\":{\"@id\":\"https:\/\/hoerakustik-lehmann.de\/cl\/sommerhitze-hoergeraete-was-jetzt-wichtig-ist\/#primaryimage\"},\"thumbnailUrl\":\"https:\/\/hoerakustik-lehmann.de\/cl\/wp-content\/uploads\/2025\/06\/pexels-keeganjchecks-29889202-scaled.jpg\",\"keywords\":[\"H\u00f6rakustiker\",\"H\u00f6rger\u00e4te in Berlin\",\"H\u00f6rsystem\",\"k\u00fcnstliche Intelligenz\"],\"articleSection\":[\"H\u00f6rakustik\"],\"inLanguage\":\"de\"},{\"@type\":[\"WebPage\",\"MedicalWebPage\"],\"@id\":\"https:\/\/hoerakustik-lehmann.de\/cl\/sommerhitze-hoergeraete-was-jetzt-wichtig-ist\/\",\"url\":\"https:\/\/hoerakustik-lehmann.de\/cl\/sommerhitze-hoergeraete-was-jetzt-wichtig-ist\/\",\"name\":\"Sommerhitze & H\u00f6rger\u00e4te: Was jetzt wichtig ist - H\u00f6rger\u00e4te in Berlin - H\u00f6rakustik Lehmann\",\"isPartOf\":{\"@id\":\"https:\/\/hoerakustik-lehmann.de\/cl\/#website\"},\"primaryImageOfPage\":{\"@id\":\"https:\/\/hoerakustik-lehmann.de\/cl\/sommerhitze-hoergeraete-was-jetzt-wichtig-ist\/#primaryimage\"},\"image\":{\"@id\":\"https:\/\/hoerakustik-lehmann.de\/cl\/sommerhitze-hoergeraete-was-jetzt-wichtig-ist\/#primaryimage\"},\"thumbnailUrl\":\"https:\/\/hoerakustik-lehmann.de\/cl\/wp-content\/uploads\/2025\/06\/pexels-keeganjchecks-29889202-scaled.jpg\",\"datePublished\":\"2025-06-30T07:12:45+00:00\",\"dateModified\":\"2025-06-30T07:13:21+00:00\",\"breadcrumb\":{\"@id\":\"https:\/\/hoerakustik-lehmann.de\/cl\/sommerhitze-hoergeraete-was-jetzt-wichtig-ist\/#breadcrumb\"},\"inLanguage\":\"de\",\"potentialAction\":[{\"@type\":\"ReadAction\",\"target\":[\"https:\/\/hoerakustik-lehmann.de\/cl\/sommerhitze-hoergeraete-was-jetzt-wichtig-ist\/\"]}]},{\"@type\":\"ImageObject\",\"inLanguage\":\"de\",\"@id\":\"https:\/\/hoerakustik-lehmann.de\/cl\/sommerhitze-hoergeraete-was-jetzt-wichtig-ist\/#primaryimage\",\"url\":\"https:\/\/hoerakustik-lehmann.de\/cl\/wp-content\/uploads\/2025\/06\/pexels-keeganjchecks-29889202-scaled.jpg\",\"contentUrl\":\"https:\/\/hoerakustik-lehmann.de\/cl\/wp-content\/uploads\/2025\/06\/pexels-keeganjchecks-29889202-scaled.jpg\",\"width\":2560,\"height\":1707},{\"@type\":\"BreadcrumbList\",\"@id\":\"https:\/\/hoerakustik-lehmann.de\/cl\/sommerhitze-hoergeraete-was-jetzt-wichtig-ist\/#breadcrumb\",\"itemListElement\":[{\"@type\":\"ListItem\",\"position\":1,\"name\":\"Startseite\",\"item\":\"https:\/\/hoerakustik-lehmann.de\/cl\/\"},{\"@type\":\"ListItem\",\"position\":2,\"name\":\"Sommerhitze &#038; H\u00f6rger\u00e4te: Was jetzt wichtig ist\"}]},{\"@type\":\"WebSite\",\"@id\":\"https:\/\/hoerakustik-lehmann.de\/cl\/#website\",\"url\":\"https:\/\/hoerakustik-lehmann.de\/cl\/\",\"name\":\"H\u00f6rger\u00e4te in Berlin - H\u00f6rakustik Lehmann\",\"description\":\"H\u00f6r-Beratung, H\u00f6rger\u00e4te und Zubeh\u00f6r\",\"publisher\":{\"@id\":\"https:\/\/hoerakustik-lehmann.de\/cl\/#organization\"},\"potentialAction\":[{\"@type\":\"SearchAction\",\"target\":{\"@type\":\"EntryPoint\",\"urlTemplate\":\"https:\/\/hoerakustik-lehmann.de\/cl\/?s={search_term_string}\"},\"query-input\":{\"@type\":\"PropertyValueSpecification\",\"valueRequired\":true,\"valueName\":\"search_term_string\"}}],\"inLanguage\":\"de\"},{\"@type\":[\"Organization\",\"Place\",\"LocalBusiness\"],\"@id\":\"https:\/\/hoerakustik-lehmann.de\/cl\/#organization\",\"name\":\"H\u00f6rakustik Lehmann\",\"url\":\"https:\/\/hoerakustik-lehmann.de\/cl\/\",\"logo\":{\"@id\":\"https:\/\/hoerakustik-lehmann.de\/cl\/sommerhitze-hoergeraete-was-jetzt-wichtig-ist\/#local-main-organization-logo\"},\"image\":{\"@id\":\"https:\/\/hoerakustik-lehmann.de\/cl\/sommerhitze-hoergeraete-was-jetzt-wichtig-ist\/#local-main-organization-logo\"},\"address\":{\"@id\":\"https:\/\/hoerakustik-lehmann.de\/cl\/sommerhitze-hoergeraete-was-jetzt-wichtig-ist\/#local-main-place-address\"},\"telephone\":[\"Tel. 030 \u2013 209 53 833\"],\"openingHoursSpecification\":[{\"@type\":\"OpeningHoursSpecification\",\"dayOfWeek\":[\"Monday\",\"Tuesday\",\"Wednesday\",\"Thursday\"],\"opens\":\"09:00\",\"closes\":\"18:00\"},{\"@type\":\"OpeningHoursSpecification\",\"dayOfWeek\":[\"Friday\"],\"opens\":\"09:00\",\"closes\":\"13:00\"},{\"@type\":\"OpeningHoursSpecification\",\"dayOfWeek\":[\"Saturday\",\"Sunday\"],\"opens\":\"00:00\",\"closes\":\"00:00\"}],\"email\":\"info@hoerakustik-lehmann.de\"},{\"@type\":\"Person\",\"@id\":\"https:\/\/hoerakustik-lehmann.de\/cl\/#\/schema\/person\/4d7b00780407818acdb20174f8352e58\",\"name\":\"audima\",\"image\":{\"@type\":\"ImageObject\",\"inLanguage\":\"de\",\"@id\":\"https:\/\/hoerakustik-lehmann.de\/cl\/#\/schema\/person\/image\/\",\"url\":\"https:\/\/secure.gravatar.com\/avatar\/400b9c84a66ac56740f94e6b9cbf73ad?s=96&d=mm&r=g\",\"contentUrl\":\"https:\/\/secure.gravatar.com\/avatar\/400b9c84a66ac56740f94e6b9cbf73ad?s=96&d=mm&r=g\",\"caption\":\"audima\"}},{\"@type\":\"PostalAddress\",\"@id\":\"https:\/\/hoerakustik-lehmann.de\/cl\/sommerhitze-hoergeraete-was-jetzt-wichtig-ist\/#local-main-place-address\",\"streetAddress\":\"D\u00f6rpfeldstr. 36\",\"addressLocality\":\"Berlin\",\"postalCode\":\"12489\",\"addressCountry\":\"DE\"},{\"@type\":\"ImageObject\",\"inLanguage\":\"de\",\"@id\":\"https:\/\/hoerakustik-lehmann.de\/cl\/sommerhitze-hoergeraete-was-jetzt-wichtig-ist\/#local-main-organization-logo\",\"url\":\"https:\/\/hoerakustik-lehmann.de\/cl\/wp-content\/uploads\/2020\/02\/logo2.png\",\"contentUrl\":\"https:\/\/hoerakustik-lehmann.de\/cl\/wp-content\/uploads\/2020\/02\/logo2.png\",\"width\":579,\"height\":181,\"caption\":\"H\u00f6rakustik Lehmann\"}]}<\/script>\n<meta name=\"geo.placename\" content=\"Berlin\" \/>\n<meta name=\"geo.region\" content=\"Deutschland\" \/>\n<!-- \/ Yoast SEO plugin. -->","yoast_head_json":{"title":"Sommerhitze & H\u00f6rger\u00e4te: Was jetzt wichtig ist - H\u00f6rger\u00e4te in Berlin - H\u00f6rakustik Lehmann","robots":{"index":"index","follow":"follow","max-snippet":"max-snippet:-1","max-image-preview":"max-image-preview:large","max-video-preview":"max-video-preview:-1"},"canonical":"https:\/\/hoerakustik-lehmann.de\/cl\/sommerhitze-hoergeraete-was-jetzt-wichtig-ist\/","og_locale":"de_DE","og_type":"article","og_title":"Sommerhitze & H\u00f6rger\u00e4te: Was jetzt wichtig ist - H\u00f6rger\u00e4te in Berlin - H\u00f6rakustik Lehmann","og_description":"Die Temperaturen steigen \u2013 f\u00fcr H\u00f6rger\u00e4tetr\u00e4gerinnen und -tr\u00e4ger hei\u00dft das: aufpassen. Denn Schwei\u00df, Hitze und Wasser k\u00f6nnen die Technik belasten. Wer sein H\u00f6rger\u00e4t jetzt richtig pflegt, vermeidet Ausf\u00e4lle und unn\u00f6tige Reparaturen. Schwei\u00df: Bei 30 Grad und mehr schwitzt jeder. Hinter dem Ohr sammelt sich Feuchtigkeit, die ins Ger\u00e4t eindringen kann. Unser Tipp: H\u00f6rger\u00e4t regelm\u00e4\u00dfig trocknen [&hellip;]","og_url":"https:\/\/hoerakustik-lehmann.de\/cl\/sommerhitze-hoergeraete-was-jetzt-wichtig-ist\/","og_site_name":"H\u00f6rger\u00e4te in Berlin - H\u00f6rakustik Lehmann","article_published_time":"2025-06-30T07:12:45+00:00","article_modified_time":"2025-06-30T07:13:21+00:00","og_image":[{"width":2560,"height":1707,"url":"https:\/\/hoerakustik-lehmann.de\/cl\/wp-content\/uploads\/2025\/06\/pexels-keeganjchecks-29889202-scaled.jpg","type":"image\/jpeg"}],"author":"audima","twitter_card":"summary_large_image","twitter_misc":{"Verfasst von":"audima","Gesch\u00e4tzte Lesezeit":"1\u00a0Minute"},"schema":{"@context":"https:\/\/schema.org","@graph":[{"@type":"NewsArticle","@id":"https:\/\/hoerakustik-lehmann.de\/cl\/sommerhitze-hoergeraete-was-jetzt-wichtig-ist\/#article","isPartOf":{"@id":"https:\/\/hoerakustik-lehmann.de\/cl\/sommerhitze-hoergeraete-was-jetzt-wichtig-ist\/"},"author":{"name":"audima","@id":"https:\/\/hoerakustik-lehmann.de\/cl\/#\/schema\/person\/4d7b00780407818acdb20174f8352e58"},"headline":"Sommerhitze &#038; H\u00f6rger\u00e4te: Was jetzt wichtig ist","datePublished":"2025-06-30T07:12:45+00:00","dateModified":"2025-06-30T07:13:21+00:00","mainEntityOfPage":{"@id":"https:\/\/hoerakustik-lehmann.de\/cl\/sommerhitze-hoergeraete-was-jetzt-wichtig-ist\/"},"wordCount":168,"publisher":{"@id":"https:\/\/hoerakustik-lehmann.de\/cl\/#organization"},"image":{"@id":"https:\/\/hoerakustik-lehmann.de\/cl\/sommerhitze-hoergeraete-was-jetzt-wichtig-ist\/#primaryimage"},"thumbnailUrl":"https:\/\/hoerakustik-lehmann.de\/cl\/wp-content\/uploads\/2025\/06\/pexels-keeganjchecks-29889202-scaled.jpg","keywords":["H\u00f6rakustiker","H\u00f6rger\u00e4te in Berlin","H\u00f6rsystem","k\u00fcnstliche Intelligenz"],"articleSection":["H\u00f6rakustik"],"inLanguage":"de"},{"@type":["WebPage","MedicalWebPage"],"@id":"https:\/\/hoerakustik-lehmann.de\/cl\/sommerhitze-hoergeraete-was-jetzt-wichtig-ist\/","url":"https:\/\/hoerakustik-lehmann.de\/cl\/sommerhitze-hoergeraete-was-jetzt-wichtig-ist\/","name":"Sommerhitze & H\u00f6rger\u00e4te: Was jetzt wichtig ist - H\u00f6rger\u00e4te in Berlin - H\u00f6rakustik Lehmann","isPartOf":{"@id":"https:\/\/hoerakustik-lehmann.de\/cl\/#website"},"primaryImageOfPage":{"@id":"https:\/\/hoerakustik-lehmann.de\/cl\/sommerhitze-hoergeraete-was-jetzt-wichtig-ist\/#primaryimage"},"image":{"@id":"https:\/\/hoerakustik-lehmann.de\/cl\/sommerhitze-hoergeraete-was-jetzt-wichtig-ist\/#primaryimage"},"thumbnailUrl":"https:\/\/hoerakustik-lehmann.de\/cl\/wp-content\/uploads\/2025\/06\/pexels-keeganjchecks-29889202-scaled.jpg","datePublished":"2025-06-30T07:12:45+00:00","dateModified":"2025-06-30T07:13:21+00:00","breadcrumb":{"@id":"https:\/\/hoerakustik-lehmann.de\/cl\/sommerhitze-hoergeraete-was-jetzt-wichtig-ist\/#breadcrumb"},"inLanguage":"de","potentialAction":[{"@type":"ReadAction","target":["https:\/\/hoerakustik-lehmann.de\/cl\/sommerhitze-hoergeraete-was-jetzt-wichtig-ist\/"]}]},{"@type":"ImageObject","inLanguage":"de","@id":"https:\/\/hoerakustik-lehmann.de\/cl\/sommerhitze-hoergeraete-was-jetzt-wichtig-ist\/#primaryimage","url":"https:\/\/hoerakustik-lehmann.de\/cl\/wp-content\/uploads\/2025\/06\/pexels-keeganjchecks-29889202-scaled.jpg","contentUrl":"https:\/\/hoerakustik-lehmann.de\/cl\/wp-content\/uploads\/2025\/06\/pexels-keeganjchecks-29889202-scaled.jpg","width":2560,"height":1707},{"@type":"BreadcrumbList","@id":"https:\/\/hoerakustik-lehmann.de\/cl\/sommerhitze-hoergeraete-was-jetzt-wichtig-ist\/#breadcrumb","itemListElement":[{"@type":"ListItem","position":1,"name":"Startseite","item":"https:\/\/hoerakustik-lehmann.de\/cl\/"},{"@type":"ListItem","position":2,"name":"Sommerhitze &#038; H\u00f6rger\u00e4te: Was jetzt wichtig ist"}]},{"@type":"WebSite","@id":"https:\/\/hoerakustik-lehmann.de\/cl\/#website","url":"https:\/\/hoerakustik-lehmann.de\/cl\/","name":"H\u00f6rger\u00e4te in Berlin - H\u00f6rakustik Lehmann","description":"H\u00f6r-Beratung, H\u00f6rger\u00e4te und Zubeh\u00f6r","publisher":{"@id":"https:\/\/hoerakustik-lehmann.de\/cl\/#organization"},"potentialAction":[{"@type":"SearchAction","target":{"@type":"EntryPoint","urlTemplate":"https:\/\/hoerakustik-lehmann.de\/cl\/?s={search_term_string}"},"query-input":{"@type":"PropertyValueSpecification","valueRequired":true,"valueName":"search_term_string"}}],"inLanguage":"de"},{"@type":["Organization","Place","LocalBusiness"],"@id":"https:\/\/hoerakustik-lehmann.de\/cl\/#organization","name":"H\u00f6rakustik Lehmann","url":"https:\/\/hoerakustik-lehmann.de\/cl\/","logo":{"@id":"https:\/\/hoerakustik-lehmann.de\/cl\/sommerhitze-hoergeraete-was-jetzt-wichtig-ist\/#local-main-organization-logo"},"image":{"@id":"https:\/\/hoerakustik-lehmann.de\/cl\/sommerhitze-hoergeraete-was-jetzt-wichtig-ist\/#local-main-organization-logo"},"address":{"@id":"https:\/\/hoerakustik-lehmann.de\/cl\/sommerhitze-hoergeraete-was-jetzt-wichtig-ist\/#local-main-place-address"},"telephone":["Tel. 030 \u2013 209 53 833"],"openingHoursSpecification":[{"@type":"OpeningHoursSpecification","dayOfWeek":["Monday","Tuesday","Wednesday","Thursday"],"opens":"09:00","closes":"18:00"},{"@type":"OpeningHoursSpecification","dayOfWeek":["Friday"],"opens":"09:00","closes":"13:00"},{"@type":"OpeningHoursSpecification","dayOfWeek":["Saturday","Sunday"],"opens":"00:00","closes":"00:00"}],"email":"info@hoerakustik-lehmann.de"},{"@type":"Person","@id":"https:\/\/hoerakustik-lehmann.de\/cl\/#\/schema\/person\/4d7b00780407818acdb20174f8352e58","name":"audima","image":{"@type":"ImageObject","inLanguage":"de","@id":"https:\/\/hoerakustik-lehmann.de\/cl\/#\/schema\/person\/image\/","url":"https:\/\/secure.gravatar.com\/avatar\/400b9c84a66ac56740f94e6b9cbf73ad?s=96&d=mm&r=g","contentUrl":"https:\/\/secure.gravatar.com\/avatar\/400b9c84a66ac56740f94e6b9cbf73ad?s=96&d=mm&r=g","caption":"audima"}},{"@type":"PostalAddress","@id":"https:\/\/hoerakustik-lehmann.de\/cl\/sommerhitze-hoergeraete-was-jetzt-wichtig-ist\/#local-main-place-address","streetAddress":"D\u00f6rpfeldstr. 36","addressLocality":"Berlin","postalCode":"12489","addressCountry":"DE"},{"@type":"ImageObject","inLanguage":"de","@id":"https:\/\/hoerakustik-lehmann.de\/cl\/sommerhitze-hoergeraete-was-jetzt-wichtig-ist\/#local-main-organization-logo","url":"https:\/\/hoerakustik-lehmann.de\/cl\/wp-content\/uploads\/2020\/02\/logo2.png","contentUrl":"https:\/\/hoerakustik-lehmann.de\/cl\/wp-content\/uploads\/2020\/02\/logo2.png","width":579,"height":181,"caption":"H\u00f6rakustik Lehmann"}]},"geo.placename":"Berlin","geo.region":"Deutschland"},"_links":{"self":[{"href":"https:\/\/hoerakustik-lehmann.de\/cl\/wp-json\/wp\/v2\/posts\/1349"}],"collection":[{"href":"https:\/\/hoerakustik-lehmann.de\/cl\/wp-json\/wp\/v2\/posts"}],"about":[{"href":"https:\/\/hoerakustik-lehmann.de\/cl\/wp-json\/wp\/v2\/types\/post"}],"author":[{"embeddable":true,"href":"https:\/\/hoerakustik-lehmann.de\/cl\/wp-json\/wp\/v2\/users\/1"}],"replies":[{"embeddable":true,"href":"https:\/\/hoerakustik-lehmann.de\/cl\/wp-json\/wp\/v2\/comments?post=1349"}],"version-history":[{"count":1,"href":"https:\/\/hoerakustik-lehmann.de\/cl\/wp-json\/wp\/v2\/posts\/1349\/revisions"}],"predecessor-version":[{"id":1350,"href":"https:\/\/hoerakustik-lehmann.de\/cl\/wp-json\/wp\/v2\/posts\/1349\/revisions\/1350"}],"wp:featuredmedia":[{"embeddable":true,"href":"https:\/\/hoerakustik-lehmann.de\/cl\/wp-json\/wp\/v2\/media\/1351"}],"wp:attachment":[{"href":"https:\/\/hoerakustik-lehmann.de\/cl\/wp-json\/wp\/v2\/media?parent=1349"}],"wp:term":[{"taxonomy":"category","embeddable":true,"href":"https:\/\/hoerakustik-lehmann.de\/cl\/wp-json\/wp\/v2\/categories?post=1349"},{"taxonomy":"post_tag","embeddable":true,"href":"https:\/\/hoerakustik-lehmann.de\/cl\/wp-json\/wp\/v2\/tags?post=1349"}],"curies":[{"name":"wp","href":"https:\/\/api.w.org\/{rel}","templated":true}]}}