{"id":1324,"date":"2025-02-27T12:24:08","date_gmt":"2025-02-27T11:24:08","guid":{"rendered":"https:\/\/hoerakustik-lehmann.de\/cl\/?p=1324"},"modified":"2025-02-27T12:24:08","modified_gmt":"2025-02-27T11:24:08","slug":"welttag-des-hoerens-am-3-maerz-2025","status":"publish","type":"post","link":"https:\/\/hoerakustik-lehmann.de\/cl\/welttag-des-hoerens-am-3-maerz-2025\/","title":{"rendered":"Welttag des H\u00f6rens am 3. M\u00e4rz 2025"},"content":{"rendered":"<div class=\"mk-single-content clearfix\">\n<div class=\"wpb_row vc_row vc_row-fluid mk-fullwidth-false attched-false js-master-row mk-grid mk-in-viewport\" data-mk-stretch-content=\"true\">\n<div class=\"vc_col-sm-12 wpb_column column_container _ height-full\">\n<p>Unser Geh\u00f6r begleitet uns ein Leben lang \u2013 oft unbemerkt, bis erste Einschr\u00e4nkungen auftreten. Am 3. M\u00e4rz 2025 macht der Welttag des H\u00f6rens weltweit darauf aufmerksam, wie wichtig gutes H\u00f6ren f\u00fcr soziale Teilhabe, Kommunikation und Sicherheit ist.<\/p>\n<p>H\u00f6rverlust entwickelt sich meist schleichend. Erste Anzeichen wie h\u00e4ufiges Nachfragen, Probleme beim Verstehen in lauter Umgebung oder das \u00dcberh\u00f6ren von Ger\u00e4uschen werden oft ignoriert. Dabei sind die Folgen nicht nur akustischer Natur: Betroffene ziehen sich zur\u00fcck, Gespr\u00e4che werden anstrengender, und die geistige Fitness kann langfristig leiden.<\/p>\n<p>Moderne H\u00f6rsysteme sind echte High-Tech-Wunder. Mit K\u00fcnstlicher Intelligenz analysieren sie in Echtzeit die Umgebung, erkennen Stimmen und reduzieren st\u00f6rende Hintergrundger\u00e4usche \u2013 ganz automatisch. Sie passen sich an verschiedene H\u00f6rsituationen an, verbessern die Sprachverst\u00e4ndlichkeit und sorgen f\u00fcr ein nat\u00fcrliches H\u00f6rerlebnis. Und das alles in einem dezenten, kaum sichtbaren Design.<\/p>\n<p>Ein H\u00f6rtest ist der erste Schritt, um herauszufinden, ob Handlungsbedarf besteht. Wir bieten Ihnen die M\u00f6glichkeit, Ihr Geh\u00f6r professionell \u00fcberpr\u00fcfen zu lassen \u2013 schnell, unkompliziert und mit kompetenter Beratung.<\/p>\n<p>Nat\u00fcrlich sind wir nicht nur am Welttag des H\u00f6rens, sondern das ganze Jahr \u00fcber f\u00fcr Sie da. Vereinbaren Sie einen Termin und lassen Sie sich unverbindlich beraten \u2013 f\u00fcr bestm\u00f6gliches H\u00f6ren an jedem Tag!<\/p>\n<p>&nbsp;<\/p>\n<p data-sourcepos=\"24:1-24:139\"><strong>Weitere Informationen zum Welttag des H\u00f6rens<\/strong> finden Sie hier\u2026 https:\/\/welttag-des-hoerens.de\/der-welttag\/<\/p>\n<p data-sourcepos=\"24:1-24:139\">Bildquelle: https:\/\/welttag-des-hoerens.de\/der-welttag\/<\/p>\n<\/div>\n<\/div>\n<\/div>\n","protected":false},"excerpt":{"rendered":"<p>Unser Geh\u00f6r begleitet uns ein Leben lang \u2013 oft unbemerkt, bis erste Einschr\u00e4nkungen auftreten. Am 3. M\u00e4rz 2025 macht der Welttag des H\u00f6rens weltweit darauf aufmerksam, wie wichtig gutes H\u00f6ren f\u00fcr soziale Teilhabe, Kommunikation und Sicherheit ist. H\u00f6rverlust entwickelt sich meist schleichend. Erste Anzeichen wie h\u00e4ufiges Nachfragen, Probleme beim Verstehen in lauter Umgebung oder das [&hellip;]<\/p>\n","protected":false},"author":1,"featured_media":1325,"comment_status":"closed","ping_status":"closed","sticky":false,"template":"","format":"standard","meta":{"_mi_skip_tracking":false,"_monsterinsights_sitenote_active":false,"_monsterinsights_sitenote_note":"","_monsterinsights_sitenote_category":0,"footnotes":""},"categories":[3],"tags":[37,44,38,10],"class_list":["post-1324","post","type-post","status-publish","format-standard","has-post-thumbnail","hentry","category-hoerakustik","tag-hoerakustiker","tag-hoergeraete-in-berlin","tag-hoersystem","tag-kuenstliche-intelligenz"],"yoast_head":"<!-- This site is optimized with the Yoast SEO plugin v25.3.1 - https:\/\/yoast.com\/wordpress\/plugins\/seo\/ -->\n<title>Welttag des H\u00f6rens am 3. M\u00e4rz 2025 - H\u00f6rger\u00e4te in Berlin - H\u00f6rakustik Lehmann<\/title>\n<meta name=\"robots\" content=\"index, follow, max-snippet:-1, max-image-preview:large, max-video-preview:-1\" \/>\n<link rel=\"canonical\" href=\"https:\/\/hoerakustik-lehmann.de\/cl\/welttag-des-hoerens-am-3-maerz-2025\/\" \/>\n<meta property=\"og:locale\" content=\"de_DE\" \/>\n<meta property=\"og:type\" content=\"article\" \/>\n<meta property=\"og:title\" content=\"Welttag des H\u00f6rens am 3. M\u00e4rz 2025 - H\u00f6rger\u00e4te in Berlin - H\u00f6rakustik Lehmann\" \/>\n<meta property=\"og:description\" content=\"Unser Geh\u00f6r begleitet uns ein Leben lang \u2013 oft unbemerkt, bis erste Einschr\u00e4nkungen auftreten. Am 3. M\u00e4rz 2025 macht der Welttag des H\u00f6rens weltweit darauf aufmerksam, wie wichtig gutes H\u00f6ren f\u00fcr soziale Teilhabe, Kommunikation und Sicherheit ist. H\u00f6rverlust entwickelt sich meist schleichend. Erste Anzeichen wie h\u00e4ufiges Nachfragen, Probleme beim Verstehen in lauter Umgebung oder das [&hellip;]\" \/>\n<meta property=\"og:url\" content=\"https:\/\/hoerakustik-lehmann.de\/cl\/welttag-des-hoerens-am-3-maerz-2025\/\" \/>\n<meta property=\"og:site_name\" content=\"H\u00f6rger\u00e4te in Berlin - H\u00f6rakustik Lehmann\" \/>\n<meta property=\"article:published_time\" content=\"2025-02-27T11:24:08+00:00\" \/>\n<meta property=\"og:image\" content=\"https:\/\/hoerakustik-lehmann.de\/cl\/wp-content\/uploads\/2025\/02\/bildschirmfoto-2025-02-27-um-12.17.56-1024x583.png\" \/>\n\t<meta property=\"og:image:width\" content=\"1024\" \/>\n\t<meta property=\"og:image:height\" content=\"583\" \/>\n\t<meta property=\"og:image:type\" content=\"image\/png\" \/>\n<meta name=\"author\" content=\"audima\" \/>\n<meta name=\"twitter:card\" content=\"summary_large_image\" \/>\n<meta name=\"twitter:label1\" content=\"Verfasst von\" \/>\n\t<meta name=\"twitter:data1\" content=\"audima\" \/>\n\t<meta name=\"twitter:label2\" content=\"Gesch\u00e4tzte Lesezeit\" \/>\n\t<meta name=\"twitter:data2\" content=\"1\u00a0Minute\" \/>\n<script type=\"application\/ld+json\" class=\"yoast-schema-graph\">{\"@context\":\"https:\/\/schema.org\",\"@graph\":[{\"@type\":\"NewsArticle\",\"@id\":\"https:\/\/hoerakustik-lehmann.de\/cl\/welttag-des-hoerens-am-3-maerz-2025\/#article\",\"isPartOf\":{\"@id\":\"https:\/\/hoerakustik-lehmann.de\/cl\/welttag-des-hoerens-am-3-maerz-2025\/\"},\"author\":{\"name\":\"audima\",\"@id\":\"https:\/\/hoerakustik-lehmann.de\/cl\/#\/schema\/person\/4d7b00780407818acdb20174f8352e58\"},\"headline\":\"Welttag des H\u00f6rens am 3. M\u00e4rz 2025\",\"datePublished\":\"2025-02-27T11:24:08+00:00\",\"mainEntityOfPage\":{\"@id\":\"https:\/\/hoerakustik-lehmann.de\/cl\/welttag-des-hoerens-am-3-maerz-2025\/\"},\"wordCount\":246,\"publisher\":{\"@id\":\"https:\/\/hoerakustik-lehmann.de\/cl\/#organization\"},\"image\":{\"@id\":\"https:\/\/hoerakustik-lehmann.de\/cl\/welttag-des-hoerens-am-3-maerz-2025\/#primaryimage\"},\"thumbnailUrl\":\"https:\/\/hoerakustik-lehmann.de\/cl\/wp-content\/uploads\/2025\/02\/bildschirmfoto-2025-02-27-um-12.17.56.png\",\"keywords\":[\"H\u00f6rakustiker\",\"H\u00f6rger\u00e4te in Berlin\",\"H\u00f6rsystem\",\"k\u00fcnstliche Intelligenz\"],\"articleSection\":[\"H\u00f6rakustik\"],\"inLanguage\":\"de\"},{\"@type\":[\"WebPage\",\"MedicalWebPage\"],\"@id\":\"https:\/\/hoerakustik-lehmann.de\/cl\/welttag-des-hoerens-am-3-maerz-2025\/\",\"url\":\"https:\/\/hoerakustik-lehmann.de\/cl\/welttag-des-hoerens-am-3-maerz-2025\/\",\"name\":\"Welttag des H\u00f6rens am 3. M\u00e4rz 2025 - H\u00f6rger\u00e4te in Berlin - H\u00f6rakustik Lehmann\",\"isPartOf\":{\"@id\":\"https:\/\/hoerakustik-lehmann.de\/cl\/#website\"},\"primaryImageOfPage\":{\"@id\":\"https:\/\/hoerakustik-lehmann.de\/cl\/welttag-des-hoerens-am-3-maerz-2025\/#primaryimage\"},\"image\":{\"@id\":\"https:\/\/hoerakustik-lehmann.de\/cl\/welttag-des-hoerens-am-3-maerz-2025\/#primaryimage\"},\"thumbnailUrl\":\"https:\/\/hoerakustik-lehmann.de\/cl\/wp-content\/uploads\/2025\/02\/bildschirmfoto-2025-02-27-um-12.17.56.png\",\"datePublished\":\"2025-02-27T11:24:08+00:00\",\"breadcrumb\":{\"@id\":\"https:\/\/hoerakustik-lehmann.de\/cl\/welttag-des-hoerens-am-3-maerz-2025\/#breadcrumb\"},\"inLanguage\":\"de\",\"potentialAction\":[{\"@type\":\"ReadAction\",\"target\":[\"https:\/\/hoerakustik-lehmann.de\/cl\/welttag-des-hoerens-am-3-maerz-2025\/\"]}]},{\"@type\":\"ImageObject\",\"inLanguage\":\"de\",\"@id\":\"https:\/\/hoerakustik-lehmann.de\/cl\/welttag-des-hoerens-am-3-maerz-2025\/#primaryimage\",\"url\":\"https:\/\/hoerakustik-lehmann.de\/cl\/wp-content\/uploads\/2025\/02\/bildschirmfoto-2025-02-27-um-12.17.56.png\",\"contentUrl\":\"https:\/\/hoerakustik-lehmann.de\/cl\/wp-content\/uploads\/2025\/02\/bildschirmfoto-2025-02-27-um-12.17.56.png\",\"width\":1826,\"height\":1040},{\"@type\":\"BreadcrumbList\",\"@id\":\"https:\/\/hoerakustik-lehmann.de\/cl\/welttag-des-hoerens-am-3-maerz-2025\/#breadcrumb\",\"itemListElement\":[{\"@type\":\"ListItem\",\"position\":1,\"name\":\"Startseite\",\"item\":\"https:\/\/hoerakustik-lehmann.de\/cl\/\"},{\"@type\":\"ListItem\",\"position\":2,\"name\":\"Welttag des H\u00f6rens am 3. M\u00e4rz 2025\"}]},{\"@type\":\"WebSite\",\"@id\":\"https:\/\/hoerakustik-lehmann.de\/cl\/#website\",\"url\":\"https:\/\/hoerakustik-lehmann.de\/cl\/\",\"name\":\"H\u00f6rger\u00e4te in Berlin - H\u00f6rakustik Lehmann\",\"description\":\"H\u00f6r-Beratung, H\u00f6rger\u00e4te und Zubeh\u00f6r\",\"publisher\":{\"@id\":\"https:\/\/hoerakustik-lehmann.de\/cl\/#organization\"},\"potentialAction\":[{\"@type\":\"SearchAction\",\"target\":{\"@type\":\"EntryPoint\",\"urlTemplate\":\"https:\/\/hoerakustik-lehmann.de\/cl\/?s={search_term_string}\"},\"query-input\":{\"@type\":\"PropertyValueSpecification\",\"valueRequired\":true,\"valueName\":\"search_term_string\"}}],\"inLanguage\":\"de\"},{\"@type\":[\"Organization\",\"Place\",\"LocalBusiness\"],\"@id\":\"https:\/\/hoerakustik-lehmann.de\/cl\/#organization\",\"name\":\"H\u00f6rakustik Lehmann\",\"url\":\"https:\/\/hoerakustik-lehmann.de\/cl\/\",\"logo\":{\"@id\":\"https:\/\/hoerakustik-lehmann.de\/cl\/welttag-des-hoerens-am-3-maerz-2025\/#local-main-organization-logo\"},\"image\":{\"@id\":\"https:\/\/hoerakustik-lehmann.de\/cl\/welttag-des-hoerens-am-3-maerz-2025\/#local-main-organization-logo\"},\"address\":{\"@id\":\"https:\/\/hoerakustik-lehmann.de\/cl\/welttag-des-hoerens-am-3-maerz-2025\/#local-main-place-address\"},\"telephone\":[\"Tel. 030 \u2013 209 53 833\"],\"openingHoursSpecification\":[{\"@type\":\"OpeningHoursSpecification\",\"dayOfWeek\":[\"Monday\",\"Tuesday\",\"Wednesday\",\"Thursday\"],\"opens\":\"09:00\",\"closes\":\"18:00\"},{\"@type\":\"OpeningHoursSpecification\",\"dayOfWeek\":[\"Friday\"],\"opens\":\"09:00\",\"closes\":\"13:00\"},{\"@type\":\"OpeningHoursSpecification\",\"dayOfWeek\":[\"Saturday\",\"Sunday\"],\"opens\":\"00:00\",\"closes\":\"00:00\"}],\"email\":\"info@hoerakustik-lehmann.de\"},{\"@type\":\"Person\",\"@id\":\"https:\/\/hoerakustik-lehmann.de\/cl\/#\/schema\/person\/4d7b00780407818acdb20174f8352e58\",\"name\":\"audima\",\"image\":{\"@type\":\"ImageObject\",\"inLanguage\":\"de\",\"@id\":\"https:\/\/hoerakustik-lehmann.de\/cl\/#\/schema\/person\/image\/\",\"url\":\"https:\/\/secure.gravatar.com\/avatar\/400b9c84a66ac56740f94e6b9cbf73ad?s=96&d=mm&r=g\",\"contentUrl\":\"https:\/\/secure.gravatar.com\/avatar\/400b9c84a66ac56740f94e6b9cbf73ad?s=96&d=mm&r=g\",\"caption\":\"audima\"}},{\"@type\":\"PostalAddress\",\"@id\":\"https:\/\/hoerakustik-lehmann.de\/cl\/welttag-des-hoerens-am-3-maerz-2025\/#local-main-place-address\",\"streetAddress\":\"D\u00f6rpfeldstr. 36\",\"addressLocality\":\"Berlin\",\"postalCode\":\"12489\",\"addressCountry\":\"DE\"},{\"@type\":\"ImageObject\",\"inLanguage\":\"de\",\"@id\":\"https:\/\/hoerakustik-lehmann.de\/cl\/welttag-des-hoerens-am-3-maerz-2025\/#local-main-organization-logo\",\"url\":\"https:\/\/hoerakustik-lehmann.de\/cl\/wp-content\/uploads\/2020\/02\/logo2.png\",\"contentUrl\":\"https:\/\/hoerakustik-lehmann.de\/cl\/wp-content\/uploads\/2020\/02\/logo2.png\",\"width\":579,\"height\":181,\"caption\":\"H\u00f6rakustik Lehmann\"}]}<\/script>\n<meta name=\"geo.placename\" content=\"Berlin\" \/>\n<meta name=\"geo.region\" content=\"Deutschland\" \/>\n<!-- \/ Yoast SEO plugin. -->","yoast_head_json":{"title":"Welttag des H\u00f6rens am 3. M\u00e4rz 2025 - H\u00f6rger\u00e4te in Berlin - H\u00f6rakustik Lehmann","robots":{"index":"index","follow":"follow","max-snippet":"max-snippet:-1","max-image-preview":"max-image-preview:large","max-video-preview":"max-video-preview:-1"},"canonical":"https:\/\/hoerakustik-lehmann.de\/cl\/welttag-des-hoerens-am-3-maerz-2025\/","og_locale":"de_DE","og_type":"article","og_title":"Welttag des H\u00f6rens am 3. M\u00e4rz 2025 - H\u00f6rger\u00e4te in Berlin - H\u00f6rakustik Lehmann","og_description":"Unser Geh\u00f6r begleitet uns ein Leben lang \u2013 oft unbemerkt, bis erste Einschr\u00e4nkungen auftreten. Am 3. M\u00e4rz 2025 macht der Welttag des H\u00f6rens weltweit darauf aufmerksam, wie wichtig gutes H\u00f6ren f\u00fcr soziale Teilhabe, Kommunikation und Sicherheit ist. H\u00f6rverlust entwickelt sich meist schleichend. Erste Anzeichen wie h\u00e4ufiges Nachfragen, Probleme beim Verstehen in lauter Umgebung oder das [&hellip;]","og_url":"https:\/\/hoerakustik-lehmann.de\/cl\/welttag-des-hoerens-am-3-maerz-2025\/","og_site_name":"H\u00f6rger\u00e4te in Berlin - H\u00f6rakustik Lehmann","article_published_time":"2025-02-27T11:24:08+00:00","og_image":[{"width":1024,"height":583,"url":"https:\/\/hoerakustik-lehmann.de\/cl\/wp-content\/uploads\/2025\/02\/bildschirmfoto-2025-02-27-um-12.17.56-1024x583.png","type":"image\/png"}],"author":"audima","twitter_card":"summary_large_image","twitter_misc":{"Verfasst von":"audima","Gesch\u00e4tzte Lesezeit":"1\u00a0Minute"},"schema":{"@context":"https:\/\/schema.org","@graph":[{"@type":"NewsArticle","@id":"https:\/\/hoerakustik-lehmann.de\/cl\/welttag-des-hoerens-am-3-maerz-2025\/#article","isPartOf":{"@id":"https:\/\/hoerakustik-lehmann.de\/cl\/welttag-des-hoerens-am-3-maerz-2025\/"},"author":{"name":"audima","@id":"https:\/\/hoerakustik-lehmann.de\/cl\/#\/schema\/person\/4d7b00780407818acdb20174f8352e58"},"headline":"Welttag des H\u00f6rens am 3. M\u00e4rz 2025","datePublished":"2025-02-27T11:24:08+00:00","mainEntityOfPage":{"@id":"https:\/\/hoerakustik-lehmann.de\/cl\/welttag-des-hoerens-am-3-maerz-2025\/"},"wordCount":246,"publisher":{"@id":"https:\/\/hoerakustik-lehmann.de\/cl\/#organization"},"image":{"@id":"https:\/\/hoerakustik-lehmann.de\/cl\/welttag-des-hoerens-am-3-maerz-2025\/#primaryimage"},"thumbnailUrl":"https:\/\/hoerakustik-lehmann.de\/cl\/wp-content\/uploads\/2025\/02\/bildschirmfoto-2025-02-27-um-12.17.56.png","keywords":["H\u00f6rakustiker","H\u00f6rger\u00e4te in Berlin","H\u00f6rsystem","k\u00fcnstliche Intelligenz"],"articleSection":["H\u00f6rakustik"],"inLanguage":"de"},{"@type":["WebPage","MedicalWebPage"],"@id":"https:\/\/hoerakustik-lehmann.de\/cl\/welttag-des-hoerens-am-3-maerz-2025\/","url":"https:\/\/hoerakustik-lehmann.de\/cl\/welttag-des-hoerens-am-3-maerz-2025\/","name":"Welttag des H\u00f6rens am 3. M\u00e4rz 2025 - H\u00f6rger\u00e4te in Berlin - H\u00f6rakustik Lehmann","isPartOf":{"@id":"https:\/\/hoerakustik-lehmann.de\/cl\/#website"},"primaryImageOfPage":{"@id":"https:\/\/hoerakustik-lehmann.de\/cl\/welttag-des-hoerens-am-3-maerz-2025\/#primaryimage"},"image":{"@id":"https:\/\/hoerakustik-lehmann.de\/cl\/welttag-des-hoerens-am-3-maerz-2025\/#primaryimage"},"thumbnailUrl":"https:\/\/hoerakustik-lehmann.de\/cl\/wp-content\/uploads\/2025\/02\/bildschirmfoto-2025-02-27-um-12.17.56.png","datePublished":"2025-02-27T11:24:08+00:00","breadcrumb":{"@id":"https:\/\/hoerakustik-lehmann.de\/cl\/welttag-des-hoerens-am-3-maerz-2025\/#breadcrumb"},"inLanguage":"de","potentialAction":[{"@type":"ReadAction","target":["https:\/\/hoerakustik-lehmann.de\/cl\/welttag-des-hoerens-am-3-maerz-2025\/"]}]},{"@type":"ImageObject","inLanguage":"de","@id":"https:\/\/hoerakustik-lehmann.de\/cl\/welttag-des-hoerens-am-3-maerz-2025\/#primaryimage","url":"https:\/\/hoerakustik-lehmann.de\/cl\/wp-content\/uploads\/2025\/02\/bildschirmfoto-2025-02-27-um-12.17.56.png","contentUrl":"https:\/\/hoerakustik-lehmann.de\/cl\/wp-content\/uploads\/2025\/02\/bildschirmfoto-2025-02-27-um-12.17.56.png","width":1826,"height":1040},{"@type":"BreadcrumbList","@id":"https:\/\/hoerakustik-lehmann.de\/cl\/welttag-des-hoerens-am-3-maerz-2025\/#breadcrumb","itemListElement":[{"@type":"ListItem","position":1,"name":"Startseite","item":"https:\/\/hoerakustik-lehmann.de\/cl\/"},{"@type":"ListItem","position":2,"name":"Welttag des H\u00f6rens am 3. M\u00e4rz 2025"}]},{"@type":"WebSite","@id":"https:\/\/hoerakustik-lehmann.de\/cl\/#website","url":"https:\/\/hoerakustik-lehmann.de\/cl\/","name":"H\u00f6rger\u00e4te in Berlin - H\u00f6rakustik Lehmann","description":"H\u00f6r-Beratung, H\u00f6rger\u00e4te und Zubeh\u00f6r","publisher":{"@id":"https:\/\/hoerakustik-lehmann.de\/cl\/#organization"},"potentialAction":[{"@type":"SearchAction","target":{"@type":"EntryPoint","urlTemplate":"https:\/\/hoerakustik-lehmann.de\/cl\/?s={search_term_string}"},"query-input":{"@type":"PropertyValueSpecification","valueRequired":true,"valueName":"search_term_string"}}],"inLanguage":"de"},{"@type":["Organization","Place","LocalBusiness"],"@id":"https:\/\/hoerakustik-lehmann.de\/cl\/#organization","name":"H\u00f6rakustik Lehmann","url":"https:\/\/hoerakustik-lehmann.de\/cl\/","logo":{"@id":"https:\/\/hoerakustik-lehmann.de\/cl\/welttag-des-hoerens-am-3-maerz-2025\/#local-main-organization-logo"},"image":{"@id":"https:\/\/hoerakustik-lehmann.de\/cl\/welttag-des-hoerens-am-3-maerz-2025\/#local-main-organization-logo"},"address":{"@id":"https:\/\/hoerakustik-lehmann.de\/cl\/welttag-des-hoerens-am-3-maerz-2025\/#local-main-place-address"},"telephone":["Tel. 030 \u2013 209 53 833"],"openingHoursSpecification":[{"@type":"OpeningHoursSpecification","dayOfWeek":["Monday","Tuesday","Wednesday","Thursday"],"opens":"09:00","closes":"18:00"},{"@type":"OpeningHoursSpecification","dayOfWeek":["Friday"],"opens":"09:00","closes":"13:00"},{"@type":"OpeningHoursSpecification","dayOfWeek":["Saturday","Sunday"],"opens":"00:00","closes":"00:00"}],"email":"info@hoerakustik-lehmann.de"},{"@type":"Person","@id":"https:\/\/hoerakustik-lehmann.de\/cl\/#\/schema\/person\/4d7b00780407818acdb20174f8352e58","name":"audima","image":{"@type":"ImageObject","inLanguage":"de","@id":"https:\/\/hoerakustik-lehmann.de\/cl\/#\/schema\/person\/image\/","url":"https:\/\/secure.gravatar.com\/avatar\/400b9c84a66ac56740f94e6b9cbf73ad?s=96&d=mm&r=g","contentUrl":"https:\/\/secure.gravatar.com\/avatar\/400b9c84a66ac56740f94e6b9cbf73ad?s=96&d=mm&r=g","caption":"audima"}},{"@type":"PostalAddress","@id":"https:\/\/hoerakustik-lehmann.de\/cl\/welttag-des-hoerens-am-3-maerz-2025\/#local-main-place-address","streetAddress":"D\u00f6rpfeldstr. 36","addressLocality":"Berlin","postalCode":"12489","addressCountry":"DE"},{"@type":"ImageObject","inLanguage":"de","@id":"https:\/\/hoerakustik-lehmann.de\/cl\/welttag-des-hoerens-am-3-maerz-2025\/#local-main-organization-logo","url":"https:\/\/hoerakustik-lehmann.de\/cl\/wp-content\/uploads\/2020\/02\/logo2.png","contentUrl":"https:\/\/hoerakustik-lehmann.de\/cl\/wp-content\/uploads\/2020\/02\/logo2.png","width":579,"height":181,"caption":"H\u00f6rakustik Lehmann"}]},"geo.placename":"Berlin","geo.region":"Deutschland"},"_links":{"self":[{"href":"https:\/\/hoerakustik-lehmann.de\/cl\/wp-json\/wp\/v2\/posts\/1324"}],"collection":[{"href":"https:\/\/hoerakustik-lehmann.de\/cl\/wp-json\/wp\/v2\/posts"}],"about":[{"href":"https:\/\/hoerakustik-lehmann.de\/cl\/wp-json\/wp\/v2\/types\/post"}],"author":[{"embeddable":true,"href":"https:\/\/hoerakustik-lehmann.de\/cl\/wp-json\/wp\/v2\/users\/1"}],"replies":[{"embeddable":true,"href":"https:\/\/hoerakustik-lehmann.de\/cl\/wp-json\/wp\/v2\/comments?post=1324"}],"version-history":[{"count":1,"href":"https:\/\/hoerakustik-lehmann.de\/cl\/wp-json\/wp\/v2\/posts\/1324\/revisions"}],"predecessor-version":[{"id":1326,"href":"https:\/\/hoerakustik-lehmann.de\/cl\/wp-json\/wp\/v2\/posts\/1324\/revisions\/1326"}],"wp:featuredmedia":[{"embeddable":true,"href":"https:\/\/hoerakustik-lehmann.de\/cl\/wp-json\/wp\/v2\/media\/1325"}],"wp:attachment":[{"href":"https:\/\/hoerakustik-lehmann.de\/cl\/wp-json\/wp\/v2\/media?parent=1324"}],"wp:term":[{"taxonomy":"category","embeddable":true,"href":"https:\/\/hoerakustik-lehmann.de\/cl\/wp-json\/wp\/v2\/categories?post=1324"},{"taxonomy":"post_tag","embeddable":true,"href":"https:\/\/hoerakustik-lehmann.de\/cl\/wp-json\/wp\/v2\/tags?post=1324"}],"curies":[{"name":"wp","href":"https:\/\/api.w.org\/{rel}","templated":true}]}}