{"id":1184,"date":"2024-03-19T10:59:32","date_gmt":"2024-03-19T09:59:32","guid":{"rendered":"https:\/\/hoerakustik-lehmann.de\/cl\/?p=1184"},"modified":"2024-03-19T11:00:30","modified_gmt":"2024-03-19T10:00:30","slug":"schon-gehoert","status":"publish","type":"post","link":"https:\/\/hoerakustik-lehmann.de\/cl\/schon-gehoert\/","title":{"rendered":"Schon geh\u00f6rt?"},"content":{"rendered":"<h2>Der Fr\u00fchling ist da!<\/h2>\n<p>Mit jedem Grad, das das Thermometer nach oben klettert, werden die meisten zu wahren Frischluftfanatikern. Ob am Gartenzaun, beim Spazierengehen oder im Caf\u00e9 \u2013 man kommt wieder leichter mit anderen ins Gespr\u00e4ch. Doch was ist, wenn es mit dem H\u00f6ren und Verstehen nicht mehr so gut klappt wie fr\u00fcher?<\/p>\n<p>Wir sorgen daf\u00fcr, dass Sie wieder Spa\u00df an Unterhaltungen haben!<\/p>\n<p>&nbsp;<\/p>\n<p>Neben einem kostenlosen H\u00f6rtest auf Basis modernster Messmethoden, bieten wir Ihnen eine gro\u00dfe Auswahl an H\u00f6rsystemen f\u00fchrender Markenhersteller an. Wir nehmen uns viel Zeit f\u00fcr Sie und beraten Sie ausf\u00fchrlich.<\/p>\n<p>&nbsp;<\/p>\n<p>H\u00f6ren und Verstehen wird mit modernen H\u00f6rsystemen nicht nur um einiges entspannter, es macht auch wieder jede Menge Spa\u00df.<\/p>\n<p>&nbsp;<\/p>\n<p>Lernen Sie uns kennen. Wir freuen uns auf Sie.<\/p>\n","protected":false},"excerpt":{"rendered":"<p>Der Fr\u00fchling ist da! Mit jedem Grad, das das Thermometer nach oben klettert, werden die meisten zu wahren Frischluftfanatikern. Ob am Gartenzaun, beim Spazierengehen oder im Caf\u00e9 \u2013 man kommt wieder leichter mit anderen ins Gespr\u00e4ch. Doch was ist, wenn es mit dem H\u00f6ren und Verstehen nicht mehr so gut klappt wie fr\u00fcher? Wir sorgen [&hellip;]<\/p>\n","protected":false},"author":1,"featured_media":1185,"comment_status":"closed","ping_status":"closed","sticky":false,"template":"","format":"standard","meta":{"_mi_skip_tracking":false,"_monsterinsights_sitenote_active":false,"_monsterinsights_sitenote_note":"","_monsterinsights_sitenote_category":0,"footnotes":""},"categories":[3],"tags":[37,44,38],"class_list":["post-1184","post","type-post","status-publish","format-standard","has-post-thumbnail","hentry","category-hoerakustik","tag-hoerakustiker","tag-hoergeraete-in-berlin","tag-hoersystem"],"yoast_head":"<!-- This site is optimized with the Yoast SEO plugin v25.3.1 - https:\/\/yoast.com\/wordpress\/plugins\/seo\/ -->\n<title>Schon geh\u00f6rt? - H\u00f6rger\u00e4te in Berlin - H\u00f6rakustik Lehmann<\/title>\n<meta name=\"description\" content=\"Mit jedem Grad, das das Thermometer nach oben klettert, werden die meisten zu wahren Frischluftfanatikern. Ob am Gartenzaun, beim Spazierengehen oder im Caf\u00e9 \u2013 man kommt wieder leichter mit anderen ins Gespr\u00e4ch. Doch was ist, wenn es mit dem H\u00f6ren und Verstehen nicht mehr so gut klappt wie fr\u00fcher? H\u00f6rger\u00e4te in Berlin\" \/>\n<meta name=\"robots\" content=\"index, follow, max-snippet:-1, max-image-preview:large, max-video-preview:-1\" \/>\n<link rel=\"canonical\" href=\"https:\/\/hoerakustik-lehmann.de\/cl\/schon-gehoert\/\" \/>\n<meta property=\"og:locale\" content=\"de_DE\" \/>\n<meta property=\"og:type\" content=\"article\" \/>\n<meta property=\"og:title\" content=\"Schon geh\u00f6rt? - H\u00f6rger\u00e4te in Berlin - H\u00f6rakustik Lehmann\" \/>\n<meta property=\"og:description\" content=\"Mit jedem Grad, das das Thermometer nach oben klettert, werden die meisten zu wahren Frischluftfanatikern. Ob am Gartenzaun, beim Spazierengehen oder im Caf\u00e9 \u2013 man kommt wieder leichter mit anderen ins Gespr\u00e4ch. Doch was ist, wenn es mit dem H\u00f6ren und Verstehen nicht mehr so gut klappt wie fr\u00fcher? H\u00f6rger\u00e4te in Berlin\" \/>\n<meta property=\"og:url\" content=\"https:\/\/hoerakustik-lehmann.de\/cl\/schon-gehoert\/\" \/>\n<meta property=\"og:site_name\" content=\"H\u00f6rger\u00e4te in Berlin - H\u00f6rakustik Lehmann\" \/>\n<meta property=\"article:published_time\" content=\"2024-03-19T09:59:32+00:00\" \/>\n<meta property=\"article:modified_time\" content=\"2024-03-19T10:00:30+00:00\" \/>\n<meta property=\"og:image\" content=\"https:\/\/hoerakustik-lehmann.de\/cl\/wp-content\/uploads\/2024\/03\/pexels-pavel-danilyuk-6925410.jpg\" \/>\n\t<meta property=\"og:image:width\" content=\"1500\" \/>\n\t<meta property=\"og:image:height\" content=\"1501\" \/>\n\t<meta property=\"og:image:type\" content=\"image\/jpeg\" \/>\n<meta name=\"author\" content=\"audima\" \/>\n<meta name=\"twitter:card\" content=\"summary_large_image\" \/>\n<meta name=\"twitter:label1\" content=\"Verfasst von\" \/>\n\t<meta name=\"twitter:data1\" content=\"audima\" \/>\n\t<meta name=\"twitter:label2\" content=\"Gesch\u00e4tzte Lesezeit\" \/>\n\t<meta name=\"twitter:data2\" content=\"1\u00a0Minute\" \/>\n<script type=\"application\/ld+json\" class=\"yoast-schema-graph\">{\"@context\":\"https:\/\/schema.org\",\"@graph\":[{\"@type\":\"NewsArticle\",\"@id\":\"https:\/\/hoerakustik-lehmann.de\/cl\/schon-gehoert\/#article\",\"isPartOf\":{\"@id\":\"https:\/\/hoerakustik-lehmann.de\/cl\/schon-gehoert\/\"},\"author\":{\"name\":\"audima\",\"@id\":\"https:\/\/hoerakustik-lehmann.de\/cl\/#\/schema\/person\/4d7b00780407818acdb20174f8352e58\"},\"headline\":\"Schon geh\u00f6rt?\",\"datePublished\":\"2024-03-19T09:59:32+00:00\",\"dateModified\":\"2024-03-19T10:00:30+00:00\",\"mainEntityOfPage\":{\"@id\":\"https:\/\/hoerakustik-lehmann.de\/cl\/schon-gehoert\/\"},\"wordCount\":139,\"publisher\":{\"@id\":\"https:\/\/hoerakustik-lehmann.de\/cl\/#organization\"},\"image\":{\"@id\":\"https:\/\/hoerakustik-lehmann.de\/cl\/schon-gehoert\/#primaryimage\"},\"thumbnailUrl\":\"https:\/\/hoerakustik-lehmann.de\/cl\/wp-content\/uploads\/2024\/03\/pexels-pavel-danilyuk-6925410.jpg\",\"keywords\":[\"H\u00f6rakustiker\",\"H\u00f6rger\u00e4te in Berlin\",\"H\u00f6rsystem\"],\"articleSection\":[\"H\u00f6rakustik\"],\"inLanguage\":\"de\"},{\"@type\":[\"WebPage\",\"MedicalWebPage\"],\"@id\":\"https:\/\/hoerakustik-lehmann.de\/cl\/schon-gehoert\/\",\"url\":\"https:\/\/hoerakustik-lehmann.de\/cl\/schon-gehoert\/\",\"name\":\"Schon geh\u00f6rt? - H\u00f6rger\u00e4te in Berlin - H\u00f6rakustik Lehmann\",\"isPartOf\":{\"@id\":\"https:\/\/hoerakustik-lehmann.de\/cl\/#website\"},\"primaryImageOfPage\":{\"@id\":\"https:\/\/hoerakustik-lehmann.de\/cl\/schon-gehoert\/#primaryimage\"},\"image\":{\"@id\":\"https:\/\/hoerakustik-lehmann.de\/cl\/schon-gehoert\/#primaryimage\"},\"thumbnailUrl\":\"https:\/\/hoerakustik-lehmann.de\/cl\/wp-content\/uploads\/2024\/03\/pexels-pavel-danilyuk-6925410.jpg\",\"datePublished\":\"2024-03-19T09:59:32+00:00\",\"dateModified\":\"2024-03-19T10:00:30+00:00\",\"description\":\"Mit jedem Grad, das das Thermometer nach oben klettert, werden die meisten zu wahren Frischluftfanatikern. Ob am Gartenzaun, beim Spazierengehen oder im Caf\u00e9 \u2013 man kommt wieder leichter mit anderen ins Gespr\u00e4ch. Doch was ist, wenn es mit dem H\u00f6ren und Verstehen nicht mehr so gut klappt wie fr\u00fcher? H\u00f6rger\u00e4te in Berlin\",\"breadcrumb\":{\"@id\":\"https:\/\/hoerakustik-lehmann.de\/cl\/schon-gehoert\/#breadcrumb\"},\"inLanguage\":\"de\",\"potentialAction\":[{\"@type\":\"ReadAction\",\"target\":[\"https:\/\/hoerakustik-lehmann.de\/cl\/schon-gehoert\/\"]}]},{\"@type\":\"ImageObject\",\"inLanguage\":\"de\",\"@id\":\"https:\/\/hoerakustik-lehmann.de\/cl\/schon-gehoert\/#primaryimage\",\"url\":\"https:\/\/hoerakustik-lehmann.de\/cl\/wp-content\/uploads\/2024\/03\/pexels-pavel-danilyuk-6925410.jpg\",\"contentUrl\":\"https:\/\/hoerakustik-lehmann.de\/cl\/wp-content\/uploads\/2024\/03\/pexels-pavel-danilyuk-6925410.jpg\",\"width\":1500,\"height\":1501},{\"@type\":\"BreadcrumbList\",\"@id\":\"https:\/\/hoerakustik-lehmann.de\/cl\/schon-gehoert\/#breadcrumb\",\"itemListElement\":[{\"@type\":\"ListItem\",\"position\":1,\"name\":\"Startseite\",\"item\":\"https:\/\/hoerakustik-lehmann.de\/cl\/\"},{\"@type\":\"ListItem\",\"position\":2,\"name\":\"Schon geh\u00f6rt?\"}]},{\"@type\":\"WebSite\",\"@id\":\"https:\/\/hoerakustik-lehmann.de\/cl\/#website\",\"url\":\"https:\/\/hoerakustik-lehmann.de\/cl\/\",\"name\":\"H\u00f6rger\u00e4te in Berlin - H\u00f6rakustik Lehmann\",\"description\":\"H\u00f6r-Beratung, H\u00f6rger\u00e4te und Zubeh\u00f6r\",\"publisher\":{\"@id\":\"https:\/\/hoerakustik-lehmann.de\/cl\/#organization\"},\"potentialAction\":[{\"@type\":\"SearchAction\",\"target\":{\"@type\":\"EntryPoint\",\"urlTemplate\":\"https:\/\/hoerakustik-lehmann.de\/cl\/?s={search_term_string}\"},\"query-input\":{\"@type\":\"PropertyValueSpecification\",\"valueRequired\":true,\"valueName\":\"search_term_string\"}}],\"inLanguage\":\"de\"},{\"@type\":[\"Organization\",\"Place\",\"LocalBusiness\"],\"@id\":\"https:\/\/hoerakustik-lehmann.de\/cl\/#organization\",\"name\":\"H\u00f6rakustik Lehmann\",\"url\":\"https:\/\/hoerakustik-lehmann.de\/cl\/\",\"logo\":{\"@id\":\"https:\/\/hoerakustik-lehmann.de\/cl\/schon-gehoert\/#local-main-organization-logo\"},\"image\":{\"@id\":\"https:\/\/hoerakustik-lehmann.de\/cl\/schon-gehoert\/#local-main-organization-logo\"},\"address\":{\"@id\":\"https:\/\/hoerakustik-lehmann.de\/cl\/schon-gehoert\/#local-main-place-address\"},\"telephone\":[\"Tel. 030 \u2013 209 53 833\"],\"openingHoursSpecification\":[{\"@type\":\"OpeningHoursSpecification\",\"dayOfWeek\":[\"Monday\",\"Tuesday\",\"Wednesday\",\"Thursday\"],\"opens\":\"09:00\",\"closes\":\"18:00\"},{\"@type\":\"OpeningHoursSpecification\",\"dayOfWeek\":[\"Friday\"],\"opens\":\"09:00\",\"closes\":\"13:00\"},{\"@type\":\"OpeningHoursSpecification\",\"dayOfWeek\":[\"Saturday\",\"Sunday\"],\"opens\":\"00:00\",\"closes\":\"00:00\"}],\"email\":\"info@hoerakustik-lehmann.de\"},{\"@type\":\"Person\",\"@id\":\"https:\/\/hoerakustik-lehmann.de\/cl\/#\/schema\/person\/4d7b00780407818acdb20174f8352e58\",\"name\":\"audima\",\"image\":{\"@type\":\"ImageObject\",\"inLanguage\":\"de\",\"@id\":\"https:\/\/hoerakustik-lehmann.de\/cl\/#\/schema\/person\/image\/\",\"url\":\"https:\/\/secure.gravatar.com\/avatar\/400b9c84a66ac56740f94e6b9cbf73ad?s=96&d=mm&r=g\",\"contentUrl\":\"https:\/\/secure.gravatar.com\/avatar\/400b9c84a66ac56740f94e6b9cbf73ad?s=96&d=mm&r=g\",\"caption\":\"audima\"}},{\"@type\":\"PostalAddress\",\"@id\":\"https:\/\/hoerakustik-lehmann.de\/cl\/schon-gehoert\/#local-main-place-address\",\"streetAddress\":\"D\u00f6rpfeldstr. 36\",\"addressLocality\":\"Berlin\",\"postalCode\":\"12489\",\"addressCountry\":\"DE\"},{\"@type\":\"ImageObject\",\"inLanguage\":\"de\",\"@id\":\"https:\/\/hoerakustik-lehmann.de\/cl\/schon-gehoert\/#local-main-organization-logo\",\"url\":\"https:\/\/hoerakustik-lehmann.de\/cl\/wp-content\/uploads\/2020\/02\/logo2.png\",\"contentUrl\":\"https:\/\/hoerakustik-lehmann.de\/cl\/wp-content\/uploads\/2020\/02\/logo2.png\",\"width\":579,\"height\":181,\"caption\":\"H\u00f6rakustik Lehmann\"}]}<\/script>\n<meta name=\"geo.placename\" content=\"Berlin\" \/>\n<meta name=\"geo.region\" content=\"Deutschland\" \/>\n<!-- \/ Yoast SEO plugin. -->","yoast_head_json":{"title":"Schon geh\u00f6rt? - H\u00f6rger\u00e4te in Berlin - H\u00f6rakustik Lehmann","description":"Mit jedem Grad, das das Thermometer nach oben klettert, werden die meisten zu wahren Frischluftfanatikern. Ob am Gartenzaun, beim Spazierengehen oder im Caf\u00e9 \u2013 man kommt wieder leichter mit anderen ins Gespr\u00e4ch. Doch was ist, wenn es mit dem H\u00f6ren und Verstehen nicht mehr so gut klappt wie fr\u00fcher? H\u00f6rger\u00e4te in Berlin","robots":{"index":"index","follow":"follow","max-snippet":"max-snippet:-1","max-image-preview":"max-image-preview:large","max-video-preview":"max-video-preview:-1"},"canonical":"https:\/\/hoerakustik-lehmann.de\/cl\/schon-gehoert\/","og_locale":"de_DE","og_type":"article","og_title":"Schon geh\u00f6rt? - H\u00f6rger\u00e4te in Berlin - H\u00f6rakustik Lehmann","og_description":"Mit jedem Grad, das das Thermometer nach oben klettert, werden die meisten zu wahren Frischluftfanatikern. Ob am Gartenzaun, beim Spazierengehen oder im Caf\u00e9 \u2013 man kommt wieder leichter mit anderen ins Gespr\u00e4ch. Doch was ist, wenn es mit dem H\u00f6ren und Verstehen nicht mehr so gut klappt wie fr\u00fcher? H\u00f6rger\u00e4te in Berlin","og_url":"https:\/\/hoerakustik-lehmann.de\/cl\/schon-gehoert\/","og_site_name":"H\u00f6rger\u00e4te in Berlin - H\u00f6rakustik Lehmann","article_published_time":"2024-03-19T09:59:32+00:00","article_modified_time":"2024-03-19T10:00:30+00:00","og_image":[{"width":1500,"height":1501,"url":"https:\/\/hoerakustik-lehmann.de\/cl\/wp-content\/uploads\/2024\/03\/pexels-pavel-danilyuk-6925410.jpg","type":"image\/jpeg"}],"author":"audima","twitter_card":"summary_large_image","twitter_misc":{"Verfasst von":"audima","Gesch\u00e4tzte Lesezeit":"1\u00a0Minute"},"schema":{"@context":"https:\/\/schema.org","@graph":[{"@type":"NewsArticle","@id":"https:\/\/hoerakustik-lehmann.de\/cl\/schon-gehoert\/#article","isPartOf":{"@id":"https:\/\/hoerakustik-lehmann.de\/cl\/schon-gehoert\/"},"author":{"name":"audima","@id":"https:\/\/hoerakustik-lehmann.de\/cl\/#\/schema\/person\/4d7b00780407818acdb20174f8352e58"},"headline":"Schon geh\u00f6rt?","datePublished":"2024-03-19T09:59:32+00:00","dateModified":"2024-03-19T10:00:30+00:00","mainEntityOfPage":{"@id":"https:\/\/hoerakustik-lehmann.de\/cl\/schon-gehoert\/"},"wordCount":139,"publisher":{"@id":"https:\/\/hoerakustik-lehmann.de\/cl\/#organization"},"image":{"@id":"https:\/\/hoerakustik-lehmann.de\/cl\/schon-gehoert\/#primaryimage"},"thumbnailUrl":"https:\/\/hoerakustik-lehmann.de\/cl\/wp-content\/uploads\/2024\/03\/pexels-pavel-danilyuk-6925410.jpg","keywords":["H\u00f6rakustiker","H\u00f6rger\u00e4te in Berlin","H\u00f6rsystem"],"articleSection":["H\u00f6rakustik"],"inLanguage":"de"},{"@type":["WebPage","MedicalWebPage"],"@id":"https:\/\/hoerakustik-lehmann.de\/cl\/schon-gehoert\/","url":"https:\/\/hoerakustik-lehmann.de\/cl\/schon-gehoert\/","name":"Schon geh\u00f6rt? - H\u00f6rger\u00e4te in Berlin - H\u00f6rakustik Lehmann","isPartOf":{"@id":"https:\/\/hoerakustik-lehmann.de\/cl\/#website"},"primaryImageOfPage":{"@id":"https:\/\/hoerakustik-lehmann.de\/cl\/schon-gehoert\/#primaryimage"},"image":{"@id":"https:\/\/hoerakustik-lehmann.de\/cl\/schon-gehoert\/#primaryimage"},"thumbnailUrl":"https:\/\/hoerakustik-lehmann.de\/cl\/wp-content\/uploads\/2024\/03\/pexels-pavel-danilyuk-6925410.jpg","datePublished":"2024-03-19T09:59:32+00:00","dateModified":"2024-03-19T10:00:30+00:00","description":"Mit jedem Grad, das das Thermometer nach oben klettert, werden die meisten zu wahren Frischluftfanatikern. Ob am Gartenzaun, beim Spazierengehen oder im Caf\u00e9 \u2013 man kommt wieder leichter mit anderen ins Gespr\u00e4ch. Doch was ist, wenn es mit dem H\u00f6ren und Verstehen nicht mehr so gut klappt wie fr\u00fcher? H\u00f6rger\u00e4te in Berlin","breadcrumb":{"@id":"https:\/\/hoerakustik-lehmann.de\/cl\/schon-gehoert\/#breadcrumb"},"inLanguage":"de","potentialAction":[{"@type":"ReadAction","target":["https:\/\/hoerakustik-lehmann.de\/cl\/schon-gehoert\/"]}]},{"@type":"ImageObject","inLanguage":"de","@id":"https:\/\/hoerakustik-lehmann.de\/cl\/schon-gehoert\/#primaryimage","url":"https:\/\/hoerakustik-lehmann.de\/cl\/wp-content\/uploads\/2024\/03\/pexels-pavel-danilyuk-6925410.jpg","contentUrl":"https:\/\/hoerakustik-lehmann.de\/cl\/wp-content\/uploads\/2024\/03\/pexels-pavel-danilyuk-6925410.jpg","width":1500,"height":1501},{"@type":"BreadcrumbList","@id":"https:\/\/hoerakustik-lehmann.de\/cl\/schon-gehoert\/#breadcrumb","itemListElement":[{"@type":"ListItem","position":1,"name":"Startseite","item":"https:\/\/hoerakustik-lehmann.de\/cl\/"},{"@type":"ListItem","position":2,"name":"Schon geh\u00f6rt?"}]},{"@type":"WebSite","@id":"https:\/\/hoerakustik-lehmann.de\/cl\/#website","url":"https:\/\/hoerakustik-lehmann.de\/cl\/","name":"H\u00f6rger\u00e4te in Berlin - H\u00f6rakustik Lehmann","description":"H\u00f6r-Beratung, H\u00f6rger\u00e4te und Zubeh\u00f6r","publisher":{"@id":"https:\/\/hoerakustik-lehmann.de\/cl\/#organization"},"potentialAction":[{"@type":"SearchAction","target":{"@type":"EntryPoint","urlTemplate":"https:\/\/hoerakustik-lehmann.de\/cl\/?s={search_term_string}"},"query-input":{"@type":"PropertyValueSpecification","valueRequired":true,"valueName":"search_term_string"}}],"inLanguage":"de"},{"@type":["Organization","Place","LocalBusiness"],"@id":"https:\/\/hoerakustik-lehmann.de\/cl\/#organization","name":"H\u00f6rakustik Lehmann","url":"https:\/\/hoerakustik-lehmann.de\/cl\/","logo":{"@id":"https:\/\/hoerakustik-lehmann.de\/cl\/schon-gehoert\/#local-main-organization-logo"},"image":{"@id":"https:\/\/hoerakustik-lehmann.de\/cl\/schon-gehoert\/#local-main-organization-logo"},"address":{"@id":"https:\/\/hoerakustik-lehmann.de\/cl\/schon-gehoert\/#local-main-place-address"},"telephone":["Tel. 030 \u2013 209 53 833"],"openingHoursSpecification":[{"@type":"OpeningHoursSpecification","dayOfWeek":["Monday","Tuesday","Wednesday","Thursday"],"opens":"09:00","closes":"18:00"},{"@type":"OpeningHoursSpecification","dayOfWeek":["Friday"],"opens":"09:00","closes":"13:00"},{"@type":"OpeningHoursSpecification","dayOfWeek":["Saturday","Sunday"],"opens":"00:00","closes":"00:00"}],"email":"info@hoerakustik-lehmann.de"},{"@type":"Person","@id":"https:\/\/hoerakustik-lehmann.de\/cl\/#\/schema\/person\/4d7b00780407818acdb20174f8352e58","name":"audima","image":{"@type":"ImageObject","inLanguage":"de","@id":"https:\/\/hoerakustik-lehmann.de\/cl\/#\/schema\/person\/image\/","url":"https:\/\/secure.gravatar.com\/avatar\/400b9c84a66ac56740f94e6b9cbf73ad?s=96&d=mm&r=g","contentUrl":"https:\/\/secure.gravatar.com\/avatar\/400b9c84a66ac56740f94e6b9cbf73ad?s=96&d=mm&r=g","caption":"audima"}},{"@type":"PostalAddress","@id":"https:\/\/hoerakustik-lehmann.de\/cl\/schon-gehoert\/#local-main-place-address","streetAddress":"D\u00f6rpfeldstr. 36","addressLocality":"Berlin","postalCode":"12489","addressCountry":"DE"},{"@type":"ImageObject","inLanguage":"de","@id":"https:\/\/hoerakustik-lehmann.de\/cl\/schon-gehoert\/#local-main-organization-logo","url":"https:\/\/hoerakustik-lehmann.de\/cl\/wp-content\/uploads\/2020\/02\/logo2.png","contentUrl":"https:\/\/hoerakustik-lehmann.de\/cl\/wp-content\/uploads\/2020\/02\/logo2.png","width":579,"height":181,"caption":"H\u00f6rakustik Lehmann"}]},"geo.placename":"Berlin","geo.region":"Deutschland"},"_links":{"self":[{"href":"https:\/\/hoerakustik-lehmann.de\/cl\/wp-json\/wp\/v2\/posts\/1184"}],"collection":[{"href":"https:\/\/hoerakustik-lehmann.de\/cl\/wp-json\/wp\/v2\/posts"}],"about":[{"href":"https:\/\/hoerakustik-lehmann.de\/cl\/wp-json\/wp\/v2\/types\/post"}],"author":[{"embeddable":true,"href":"https:\/\/hoerakustik-lehmann.de\/cl\/wp-json\/wp\/v2\/users\/1"}],"replies":[{"embeddable":true,"href":"https:\/\/hoerakustik-lehmann.de\/cl\/wp-json\/wp\/v2\/comments?post=1184"}],"version-history":[{"count":1,"href":"https:\/\/hoerakustik-lehmann.de\/cl\/wp-json\/wp\/v2\/posts\/1184\/revisions"}],"predecessor-version":[{"id":1186,"href":"https:\/\/hoerakustik-lehmann.de\/cl\/wp-json\/wp\/v2\/posts\/1184\/revisions\/1186"}],"wp:featuredmedia":[{"embeddable":true,"href":"https:\/\/hoerakustik-lehmann.de\/cl\/wp-json\/wp\/v2\/media\/1185"}],"wp:attachment":[{"href":"https:\/\/hoerakustik-lehmann.de\/cl\/wp-json\/wp\/v2\/media?parent=1184"}],"wp:term":[{"taxonomy":"category","embeddable":true,"href":"https:\/\/hoerakustik-lehmann.de\/cl\/wp-json\/wp\/v2\/categories?post=1184"},{"taxonomy":"post_tag","embeddable":true,"href":"https:\/\/hoerakustik-lehmann.de\/cl\/wp-json\/wp\/v2\/tags?post=1184"}],"curies":[{"name":"wp","href":"https:\/\/api.w.org\/{rel}","templated":true}]}}