{"id":1165,"date":"2024-02-21T08:57:26","date_gmt":"2024-02-21T07:57:26","guid":{"rendered":"https:\/\/hoerakustik-lehmann.de\/cl\/?p=1165"},"modified":"2024-02-21T08:59:11","modified_gmt":"2024-02-21T07:59:11","slug":"3-3-2024-welttag-des-hoerens","status":"publish","type":"post","link":"https:\/\/hoerakustik-lehmann.de\/cl\/3-3-2024-welttag-des-hoerens\/","title":{"rendered":"3.3.2024 Welttag des H\u00f6rens"},"content":{"rendered":"<p>Am 3. M\u00e4rz 2024 findet der internationale Welttag des H\u00f6rens statt. Dieser Tag r\u00fcckt die Bedeutung des H\u00f6rens f\u00fcr unsere Gesundheit, Bildung und Teilhabe am gesellschaftlichen Leben in den Vordergrund.<\/p>\n<p>Das diesj\u00e4hrige Motto lautet &#8222;H\u00f6ren f\u00fcr alle&#8220;. Es zielt darauf ab, die \u00d6ffentlichkeit f\u00fcr die Herausforderungen von H\u00f6rverlust zu sensibilisieren und die Bedeutung von Pr\u00e4vention, Fr\u00fcherkennung und Rehabilitation zu betonen.<\/p>\n<p>Wussten Sie, dass&#8230;<\/p>\n<p>weltweit etwa 5% der Bev\u00f6lkerung, also rund 466 Millionen Menschen, an einem H\u00f6rverlust leiden?<br \/>\ndie Zahl der Menschen mit H\u00f6rverlust bis zum Jahr 2050 voraussichtlich auf 900 Millionen ansteigen wird?<br \/>\nH\u00f6rverlust nicht nur die Lebensqualit\u00e4t, sondern auch die kognitive Gesundheit und die sozialen Beziehungen beeintr\u00e4chtigen kann?<br \/>\nDer Welttag des H\u00f6rens bietet eine Gelegenheit, um mehr \u00fcber die Bedeutung des H\u00f6rens zu erfahren und Ma\u00dfnahmen zum Schutz unseres Geh\u00f6rs zu ergreifen.<\/p>\n<p>Hier sind einige Tipps:<\/p>\n<p>Vermeiden Sie laute Ger\u00e4usche. Tragen Sie Geh\u00f6rschutz, wenn Sie sich in einer lauten Umgebung befinden.<br \/>\nG\u00f6nnen Sie Ihren Ohren Ruhepausen. Nach einem lauten Konzert oder einem Tag mit Kopfh\u00f6rern sollten Ihre Ohren Zeit haben, sich zu erholen.<br \/>\nAchten Sie auf Ihre H\u00f6rgesundheit. Lassen Sie Ihr Geh\u00f6r regelm\u00e4\u00dfig von einem Arzt oder H\u00f6rger\u00e4teakustiker \u00fcberpr\u00fcfen.<br \/>\nInformieren Sie sich \u00fcber die verschiedenen M\u00f6glichkeiten der H\u00f6rversorgung.<br \/>\nEs gibt viele M\u00f6glichkeiten, um das Geh\u00f6r zu sch\u00fctzen und die Lebensqualit\u00e4t von Menschen mit H\u00f6rverlust zu verbessern. Lassen Sie uns am Welttag des H\u00f6rens 2024 gemeinsam daf\u00fcr sorgen, dass &#8222;H\u00f6ren f\u00fcr alle&#8220; Wirklichkeit wird.<\/p>\n<p>Weitere Informationen zum Welttag des H\u00f6rens finden Sie hier&#8230; https:\/\/welttag-des-hoerens.de\/der-welttag\/<\/p>\n<p>Bildquelle: https:\/\/welttag-des-hoerens.de\/der-welttag\/<\/p>\n","protected":false},"excerpt":{"rendered":"<p>Am 3. M\u00e4rz 2024 findet der internationale Welttag des H\u00f6rens statt. Dieser Tag r\u00fcckt die Bedeutung des H\u00f6rens f\u00fcr unsere Gesundheit, Bildung und Teilhabe am gesellschaftlichen Leben in den Vordergrund. Das diesj\u00e4hrige Motto lautet &#8222;H\u00f6ren f\u00fcr alle&#8220;. Es zielt darauf ab, die \u00d6ffentlichkeit f\u00fcr die Herausforderungen von H\u00f6rverlust zu sensibilisieren und die Bedeutung von Pr\u00e4vention, [&hellip;]<\/p>\n","protected":false},"author":1,"featured_media":1166,"comment_status":"closed","ping_status":"closed","sticky":false,"template":"","format":"standard","meta":{"_mi_skip_tracking":false,"_monsterinsights_sitenote_active":false,"_monsterinsights_sitenote_note":"","_monsterinsights_sitenote_category":0,"footnotes":""},"categories":[3],"tags":[37,38],"class_list":["post-1165","post","type-post","status-publish","format-standard","has-post-thumbnail","hentry","category-hoerakustik","tag-hoerakustiker","tag-hoersystem"],"yoast_head":"<!-- This site is optimized with the Yoast SEO plugin v25.3.1 - https:\/\/yoast.com\/wordpress\/plugins\/seo\/ -->\n<title>3.3.2024 Welttag des H\u00f6rens - H\u00f6rger\u00e4te in Berlin - H\u00f6rakustik Lehmann<\/title>\n<meta name=\"robots\" content=\"index, follow, max-snippet:-1, max-image-preview:large, max-video-preview:-1\" \/>\n<link rel=\"canonical\" href=\"https:\/\/hoerakustik-lehmann.de\/cl\/3-3-2024-welttag-des-hoerens\/\" \/>\n<meta property=\"og:locale\" content=\"de_DE\" \/>\n<meta property=\"og:type\" content=\"article\" \/>\n<meta property=\"og:title\" content=\"3.3.2024 Welttag des H\u00f6rens - H\u00f6rger\u00e4te in Berlin - H\u00f6rakustik Lehmann\" \/>\n<meta property=\"og:description\" content=\"Am 3. M\u00e4rz 2024 findet der internationale Welttag des H\u00f6rens statt. Dieser Tag r\u00fcckt die Bedeutung des H\u00f6rens f\u00fcr unsere Gesundheit, Bildung und Teilhabe am gesellschaftlichen Leben in den Vordergrund. Das diesj\u00e4hrige Motto lautet &#8222;H\u00f6ren f\u00fcr alle&#8220;. Es zielt darauf ab, die \u00d6ffentlichkeit f\u00fcr die Herausforderungen von H\u00f6rverlust zu sensibilisieren und die Bedeutung von Pr\u00e4vention, [&hellip;]\" \/>\n<meta property=\"og:url\" content=\"https:\/\/hoerakustik-lehmann.de\/cl\/3-3-2024-welttag-des-hoerens\/\" \/>\n<meta property=\"og:site_name\" content=\"H\u00f6rger\u00e4te in Berlin - H\u00f6rakustik Lehmann\" \/>\n<meta property=\"article:published_time\" content=\"2024-02-21T07:57:26+00:00\" \/>\n<meta property=\"article:modified_time\" content=\"2024-02-21T07:59:11+00:00\" \/>\n<meta property=\"og:image\" content=\"https:\/\/hoerakustik-lehmann.de\/cl\/wp-content\/uploads\/2024\/02\/bildschirmfoto-2024-02-20-um-15.39.00-1024x660.png\" \/>\n\t<meta property=\"og:image:width\" content=\"1024\" \/>\n\t<meta property=\"og:image:height\" content=\"660\" \/>\n\t<meta property=\"og:image:type\" content=\"image\/png\" \/>\n<meta name=\"author\" content=\"audima\" \/>\n<meta name=\"twitter:card\" content=\"summary_large_image\" \/>\n<meta name=\"twitter:label1\" content=\"Verfasst von\" \/>\n\t<meta name=\"twitter:data1\" content=\"audima\" \/>\n\t<meta name=\"twitter:label2\" content=\"Gesch\u00e4tzte Lesezeit\" \/>\n\t<meta name=\"twitter:data2\" content=\"1\u00a0Minute\" \/>\n<script type=\"application\/ld+json\" class=\"yoast-schema-graph\">{\"@context\":\"https:\/\/schema.org\",\"@graph\":[{\"@type\":\"NewsArticle\",\"@id\":\"https:\/\/hoerakustik-lehmann.de\/cl\/3-3-2024-welttag-des-hoerens\/#article\",\"isPartOf\":{\"@id\":\"https:\/\/hoerakustik-lehmann.de\/cl\/3-3-2024-welttag-des-hoerens\/\"},\"author\":{\"name\":\"audima\",\"@id\":\"https:\/\/hoerakustik-lehmann.de\/cl\/#\/schema\/person\/4d7b00780407818acdb20174f8352e58\"},\"headline\":\"3.3.2024 Welttag des H\u00f6rens\",\"datePublished\":\"2024-02-21T07:57:26+00:00\",\"dateModified\":\"2024-02-21T07:59:11+00:00\",\"mainEntityOfPage\":{\"@id\":\"https:\/\/hoerakustik-lehmann.de\/cl\/3-3-2024-welttag-des-hoerens\/\"},\"wordCount\":293,\"publisher\":{\"@id\":\"https:\/\/hoerakustik-lehmann.de\/cl\/#organization\"},\"image\":{\"@id\":\"https:\/\/hoerakustik-lehmann.de\/cl\/3-3-2024-welttag-des-hoerens\/#primaryimage\"},\"thumbnailUrl\":\"https:\/\/hoerakustik-lehmann.de\/cl\/wp-content\/uploads\/2024\/02\/bildschirmfoto-2024-02-20-um-15.39.00.png\",\"keywords\":[\"H\u00f6rakustiker\",\"H\u00f6rsystem\"],\"articleSection\":[\"H\u00f6rakustik\"],\"inLanguage\":\"de\"},{\"@type\":[\"WebPage\",\"MedicalWebPage\"],\"@id\":\"https:\/\/hoerakustik-lehmann.de\/cl\/3-3-2024-welttag-des-hoerens\/\",\"url\":\"https:\/\/hoerakustik-lehmann.de\/cl\/3-3-2024-welttag-des-hoerens\/\",\"name\":\"3.3.2024 Welttag des H\u00f6rens - H\u00f6rger\u00e4te in Berlin - H\u00f6rakustik Lehmann\",\"isPartOf\":{\"@id\":\"https:\/\/hoerakustik-lehmann.de\/cl\/#website\"},\"primaryImageOfPage\":{\"@id\":\"https:\/\/hoerakustik-lehmann.de\/cl\/3-3-2024-welttag-des-hoerens\/#primaryimage\"},\"image\":{\"@id\":\"https:\/\/hoerakustik-lehmann.de\/cl\/3-3-2024-welttag-des-hoerens\/#primaryimage\"},\"thumbnailUrl\":\"https:\/\/hoerakustik-lehmann.de\/cl\/wp-content\/uploads\/2024\/02\/bildschirmfoto-2024-02-20-um-15.39.00.png\",\"datePublished\":\"2024-02-21T07:57:26+00:00\",\"dateModified\":\"2024-02-21T07:59:11+00:00\",\"breadcrumb\":{\"@id\":\"https:\/\/hoerakustik-lehmann.de\/cl\/3-3-2024-welttag-des-hoerens\/#breadcrumb\"},\"inLanguage\":\"de\",\"potentialAction\":[{\"@type\":\"ReadAction\",\"target\":[\"https:\/\/hoerakustik-lehmann.de\/cl\/3-3-2024-welttag-des-hoerens\/\"]}]},{\"@type\":\"ImageObject\",\"inLanguage\":\"de\",\"@id\":\"https:\/\/hoerakustik-lehmann.de\/cl\/3-3-2024-welttag-des-hoerens\/#primaryimage\",\"url\":\"https:\/\/hoerakustik-lehmann.de\/cl\/wp-content\/uploads\/2024\/02\/bildschirmfoto-2024-02-20-um-15.39.00.png\",\"contentUrl\":\"https:\/\/hoerakustik-lehmann.de\/cl\/wp-content\/uploads\/2024\/02\/bildschirmfoto-2024-02-20-um-15.39.00.png\",\"width\":3362,\"height\":2166},{\"@type\":\"BreadcrumbList\",\"@id\":\"https:\/\/hoerakustik-lehmann.de\/cl\/3-3-2024-welttag-des-hoerens\/#breadcrumb\",\"itemListElement\":[{\"@type\":\"ListItem\",\"position\":1,\"name\":\"Startseite\",\"item\":\"https:\/\/hoerakustik-lehmann.de\/cl\/\"},{\"@type\":\"ListItem\",\"position\":2,\"name\":\"3.3.2024 Welttag des H\u00f6rens\"}]},{\"@type\":\"WebSite\",\"@id\":\"https:\/\/hoerakustik-lehmann.de\/cl\/#website\",\"url\":\"https:\/\/hoerakustik-lehmann.de\/cl\/\",\"name\":\"H\u00f6rger\u00e4te in Berlin - H\u00f6rakustik Lehmann\",\"description\":\"H\u00f6r-Beratung, H\u00f6rger\u00e4te und Zubeh\u00f6r\",\"publisher\":{\"@id\":\"https:\/\/hoerakustik-lehmann.de\/cl\/#organization\"},\"potentialAction\":[{\"@type\":\"SearchAction\",\"target\":{\"@type\":\"EntryPoint\",\"urlTemplate\":\"https:\/\/hoerakustik-lehmann.de\/cl\/?s={search_term_string}\"},\"query-input\":{\"@type\":\"PropertyValueSpecification\",\"valueRequired\":true,\"valueName\":\"search_term_string\"}}],\"inLanguage\":\"de\"},{\"@type\":[\"Organization\",\"Place\",\"LocalBusiness\"],\"@id\":\"https:\/\/hoerakustik-lehmann.de\/cl\/#organization\",\"name\":\"H\u00f6rakustik Lehmann\",\"url\":\"https:\/\/hoerakustik-lehmann.de\/cl\/\",\"logo\":{\"@id\":\"https:\/\/hoerakustik-lehmann.de\/cl\/3-3-2024-welttag-des-hoerens\/#local-main-organization-logo\"},\"image\":{\"@id\":\"https:\/\/hoerakustik-lehmann.de\/cl\/3-3-2024-welttag-des-hoerens\/#local-main-organization-logo\"},\"address\":{\"@id\":\"https:\/\/hoerakustik-lehmann.de\/cl\/3-3-2024-welttag-des-hoerens\/#local-main-place-address\"},\"telephone\":[\"Tel. 030 \u2013 209 53 833\"],\"openingHoursSpecification\":[{\"@type\":\"OpeningHoursSpecification\",\"dayOfWeek\":[\"Monday\",\"Tuesday\",\"Wednesday\",\"Thursday\"],\"opens\":\"09:00\",\"closes\":\"18:00\"},{\"@type\":\"OpeningHoursSpecification\",\"dayOfWeek\":[\"Friday\"],\"opens\":\"09:00\",\"closes\":\"13:00\"},{\"@type\":\"OpeningHoursSpecification\",\"dayOfWeek\":[\"Saturday\",\"Sunday\"],\"opens\":\"00:00\",\"closes\":\"00:00\"}],\"email\":\"info@hoerakustik-lehmann.de\"},{\"@type\":\"Person\",\"@id\":\"https:\/\/hoerakustik-lehmann.de\/cl\/#\/schema\/person\/4d7b00780407818acdb20174f8352e58\",\"name\":\"audima\",\"image\":{\"@type\":\"ImageObject\",\"inLanguage\":\"de\",\"@id\":\"https:\/\/hoerakustik-lehmann.de\/cl\/#\/schema\/person\/image\/\",\"url\":\"https:\/\/secure.gravatar.com\/avatar\/400b9c84a66ac56740f94e6b9cbf73ad?s=96&d=mm&r=g\",\"contentUrl\":\"https:\/\/secure.gravatar.com\/avatar\/400b9c84a66ac56740f94e6b9cbf73ad?s=96&d=mm&r=g\",\"caption\":\"audima\"}},{\"@type\":\"PostalAddress\",\"@id\":\"https:\/\/hoerakustik-lehmann.de\/cl\/3-3-2024-welttag-des-hoerens\/#local-main-place-address\",\"streetAddress\":\"D\u00f6rpfeldstr. 36\",\"addressLocality\":\"Berlin\",\"postalCode\":\"12489\",\"addressCountry\":\"DE\"},{\"@type\":\"ImageObject\",\"inLanguage\":\"de\",\"@id\":\"https:\/\/hoerakustik-lehmann.de\/cl\/3-3-2024-welttag-des-hoerens\/#local-main-organization-logo\",\"url\":\"https:\/\/hoerakustik-lehmann.de\/cl\/wp-content\/uploads\/2020\/02\/logo2.png\",\"contentUrl\":\"https:\/\/hoerakustik-lehmann.de\/cl\/wp-content\/uploads\/2020\/02\/logo2.png\",\"width\":579,\"height\":181,\"caption\":\"H\u00f6rakustik Lehmann\"}]}<\/script>\n<meta name=\"geo.placename\" content=\"Berlin\" \/>\n<meta name=\"geo.region\" content=\"Deutschland\" \/>\n<!-- \/ Yoast SEO plugin. -->","yoast_head_json":{"title":"3.3.2024 Welttag des H\u00f6rens - H\u00f6rger\u00e4te in Berlin - H\u00f6rakustik Lehmann","robots":{"index":"index","follow":"follow","max-snippet":"max-snippet:-1","max-image-preview":"max-image-preview:large","max-video-preview":"max-video-preview:-1"},"canonical":"https:\/\/hoerakustik-lehmann.de\/cl\/3-3-2024-welttag-des-hoerens\/","og_locale":"de_DE","og_type":"article","og_title":"3.3.2024 Welttag des H\u00f6rens - H\u00f6rger\u00e4te in Berlin - H\u00f6rakustik Lehmann","og_description":"Am 3. M\u00e4rz 2024 findet der internationale Welttag des H\u00f6rens statt. Dieser Tag r\u00fcckt die Bedeutung des H\u00f6rens f\u00fcr unsere Gesundheit, Bildung und Teilhabe am gesellschaftlichen Leben in den Vordergrund. Das diesj\u00e4hrige Motto lautet &#8222;H\u00f6ren f\u00fcr alle&#8220;. Es zielt darauf ab, die \u00d6ffentlichkeit f\u00fcr die Herausforderungen von H\u00f6rverlust zu sensibilisieren und die Bedeutung von Pr\u00e4vention, [&hellip;]","og_url":"https:\/\/hoerakustik-lehmann.de\/cl\/3-3-2024-welttag-des-hoerens\/","og_site_name":"H\u00f6rger\u00e4te in Berlin - H\u00f6rakustik Lehmann","article_published_time":"2024-02-21T07:57:26+00:00","article_modified_time":"2024-02-21T07:59:11+00:00","og_image":[{"width":1024,"height":660,"url":"https:\/\/hoerakustik-lehmann.de\/cl\/wp-content\/uploads\/2024\/02\/bildschirmfoto-2024-02-20-um-15.39.00-1024x660.png","type":"image\/png"}],"author":"audima","twitter_card":"summary_large_image","twitter_misc":{"Verfasst von":"audima","Gesch\u00e4tzte Lesezeit":"1\u00a0Minute"},"schema":{"@context":"https:\/\/schema.org","@graph":[{"@type":"NewsArticle","@id":"https:\/\/hoerakustik-lehmann.de\/cl\/3-3-2024-welttag-des-hoerens\/#article","isPartOf":{"@id":"https:\/\/hoerakustik-lehmann.de\/cl\/3-3-2024-welttag-des-hoerens\/"},"author":{"name":"audima","@id":"https:\/\/hoerakustik-lehmann.de\/cl\/#\/schema\/person\/4d7b00780407818acdb20174f8352e58"},"headline":"3.3.2024 Welttag des H\u00f6rens","datePublished":"2024-02-21T07:57:26+00:00","dateModified":"2024-02-21T07:59:11+00:00","mainEntityOfPage":{"@id":"https:\/\/hoerakustik-lehmann.de\/cl\/3-3-2024-welttag-des-hoerens\/"},"wordCount":293,"publisher":{"@id":"https:\/\/hoerakustik-lehmann.de\/cl\/#organization"},"image":{"@id":"https:\/\/hoerakustik-lehmann.de\/cl\/3-3-2024-welttag-des-hoerens\/#primaryimage"},"thumbnailUrl":"https:\/\/hoerakustik-lehmann.de\/cl\/wp-content\/uploads\/2024\/02\/bildschirmfoto-2024-02-20-um-15.39.00.png","keywords":["H\u00f6rakustiker","H\u00f6rsystem"],"articleSection":["H\u00f6rakustik"],"inLanguage":"de"},{"@type":["WebPage","MedicalWebPage"],"@id":"https:\/\/hoerakustik-lehmann.de\/cl\/3-3-2024-welttag-des-hoerens\/","url":"https:\/\/hoerakustik-lehmann.de\/cl\/3-3-2024-welttag-des-hoerens\/","name":"3.3.2024 Welttag des H\u00f6rens - H\u00f6rger\u00e4te in Berlin - H\u00f6rakustik Lehmann","isPartOf":{"@id":"https:\/\/hoerakustik-lehmann.de\/cl\/#website"},"primaryImageOfPage":{"@id":"https:\/\/hoerakustik-lehmann.de\/cl\/3-3-2024-welttag-des-hoerens\/#primaryimage"},"image":{"@id":"https:\/\/hoerakustik-lehmann.de\/cl\/3-3-2024-welttag-des-hoerens\/#primaryimage"},"thumbnailUrl":"https:\/\/hoerakustik-lehmann.de\/cl\/wp-content\/uploads\/2024\/02\/bildschirmfoto-2024-02-20-um-15.39.00.png","datePublished":"2024-02-21T07:57:26+00:00","dateModified":"2024-02-21T07:59:11+00:00","breadcrumb":{"@id":"https:\/\/hoerakustik-lehmann.de\/cl\/3-3-2024-welttag-des-hoerens\/#breadcrumb"},"inLanguage":"de","potentialAction":[{"@type":"ReadAction","target":["https:\/\/hoerakustik-lehmann.de\/cl\/3-3-2024-welttag-des-hoerens\/"]}]},{"@type":"ImageObject","inLanguage":"de","@id":"https:\/\/hoerakustik-lehmann.de\/cl\/3-3-2024-welttag-des-hoerens\/#primaryimage","url":"https:\/\/hoerakustik-lehmann.de\/cl\/wp-content\/uploads\/2024\/02\/bildschirmfoto-2024-02-20-um-15.39.00.png","contentUrl":"https:\/\/hoerakustik-lehmann.de\/cl\/wp-content\/uploads\/2024\/02\/bildschirmfoto-2024-02-20-um-15.39.00.png","width":3362,"height":2166},{"@type":"BreadcrumbList","@id":"https:\/\/hoerakustik-lehmann.de\/cl\/3-3-2024-welttag-des-hoerens\/#breadcrumb","itemListElement":[{"@type":"ListItem","position":1,"name":"Startseite","item":"https:\/\/hoerakustik-lehmann.de\/cl\/"},{"@type":"ListItem","position":2,"name":"3.3.2024 Welttag des H\u00f6rens"}]},{"@type":"WebSite","@id":"https:\/\/hoerakustik-lehmann.de\/cl\/#website","url":"https:\/\/hoerakustik-lehmann.de\/cl\/","name":"H\u00f6rger\u00e4te in Berlin - H\u00f6rakustik Lehmann","description":"H\u00f6r-Beratung, H\u00f6rger\u00e4te und Zubeh\u00f6r","publisher":{"@id":"https:\/\/hoerakustik-lehmann.de\/cl\/#organization"},"potentialAction":[{"@type":"SearchAction","target":{"@type":"EntryPoint","urlTemplate":"https:\/\/hoerakustik-lehmann.de\/cl\/?s={search_term_string}"},"query-input":{"@type":"PropertyValueSpecification","valueRequired":true,"valueName":"search_term_string"}}],"inLanguage":"de"},{"@type":["Organization","Place","LocalBusiness"],"@id":"https:\/\/hoerakustik-lehmann.de\/cl\/#organization","name":"H\u00f6rakustik Lehmann","url":"https:\/\/hoerakustik-lehmann.de\/cl\/","logo":{"@id":"https:\/\/hoerakustik-lehmann.de\/cl\/3-3-2024-welttag-des-hoerens\/#local-main-organization-logo"},"image":{"@id":"https:\/\/hoerakustik-lehmann.de\/cl\/3-3-2024-welttag-des-hoerens\/#local-main-organization-logo"},"address":{"@id":"https:\/\/hoerakustik-lehmann.de\/cl\/3-3-2024-welttag-des-hoerens\/#local-main-place-address"},"telephone":["Tel. 030 \u2013 209 53 833"],"openingHoursSpecification":[{"@type":"OpeningHoursSpecification","dayOfWeek":["Monday","Tuesday","Wednesday","Thursday"],"opens":"09:00","closes":"18:00"},{"@type":"OpeningHoursSpecification","dayOfWeek":["Friday"],"opens":"09:00","closes":"13:00"},{"@type":"OpeningHoursSpecification","dayOfWeek":["Saturday","Sunday"],"opens":"00:00","closes":"00:00"}],"email":"info@hoerakustik-lehmann.de"},{"@type":"Person","@id":"https:\/\/hoerakustik-lehmann.de\/cl\/#\/schema\/person\/4d7b00780407818acdb20174f8352e58","name":"audima","image":{"@type":"ImageObject","inLanguage":"de","@id":"https:\/\/hoerakustik-lehmann.de\/cl\/#\/schema\/person\/image\/","url":"https:\/\/secure.gravatar.com\/avatar\/400b9c84a66ac56740f94e6b9cbf73ad?s=96&d=mm&r=g","contentUrl":"https:\/\/secure.gravatar.com\/avatar\/400b9c84a66ac56740f94e6b9cbf73ad?s=96&d=mm&r=g","caption":"audima"}},{"@type":"PostalAddress","@id":"https:\/\/hoerakustik-lehmann.de\/cl\/3-3-2024-welttag-des-hoerens\/#local-main-place-address","streetAddress":"D\u00f6rpfeldstr. 36","addressLocality":"Berlin","postalCode":"12489","addressCountry":"DE"},{"@type":"ImageObject","inLanguage":"de","@id":"https:\/\/hoerakustik-lehmann.de\/cl\/3-3-2024-welttag-des-hoerens\/#local-main-organization-logo","url":"https:\/\/hoerakustik-lehmann.de\/cl\/wp-content\/uploads\/2020\/02\/logo2.png","contentUrl":"https:\/\/hoerakustik-lehmann.de\/cl\/wp-content\/uploads\/2020\/02\/logo2.png","width":579,"height":181,"caption":"H\u00f6rakustik Lehmann"}]},"geo.placename":"Berlin","geo.region":"Deutschland"},"_links":{"self":[{"href":"https:\/\/hoerakustik-lehmann.de\/cl\/wp-json\/wp\/v2\/posts\/1165"}],"collection":[{"href":"https:\/\/hoerakustik-lehmann.de\/cl\/wp-json\/wp\/v2\/posts"}],"about":[{"href":"https:\/\/hoerakustik-lehmann.de\/cl\/wp-json\/wp\/v2\/types\/post"}],"author":[{"embeddable":true,"href":"https:\/\/hoerakustik-lehmann.de\/cl\/wp-json\/wp\/v2\/users\/1"}],"replies":[{"embeddable":true,"href":"https:\/\/hoerakustik-lehmann.de\/cl\/wp-json\/wp\/v2\/comments?post=1165"}],"version-history":[{"count":3,"href":"https:\/\/hoerakustik-lehmann.de\/cl\/wp-json\/wp\/v2\/posts\/1165\/revisions"}],"predecessor-version":[{"id":1169,"href":"https:\/\/hoerakustik-lehmann.de\/cl\/wp-json\/wp\/v2\/posts\/1165\/revisions\/1169"}],"wp:featuredmedia":[{"embeddable":true,"href":"https:\/\/hoerakustik-lehmann.de\/cl\/wp-json\/wp\/v2\/media\/1166"}],"wp:attachment":[{"href":"https:\/\/hoerakustik-lehmann.de\/cl\/wp-json\/wp\/v2\/media?parent=1165"}],"wp:term":[{"taxonomy":"category","embeddable":true,"href":"https:\/\/hoerakustik-lehmann.de\/cl\/wp-json\/wp\/v2\/categories?post=1165"},{"taxonomy":"post_tag","embeddable":true,"href":"https:\/\/hoerakustik-lehmann.de\/cl\/wp-json\/wp\/v2\/tags?post=1165"}],"curies":[{"name":"wp","href":"https:\/\/api.w.org\/{rel}","templated":true}]}}