{"id":1148,"date":"2023-11-22T13:50:34","date_gmt":"2023-11-22T12:50:34","guid":{"rendered":"https:\/\/hoerakustik-lehmann.de\/cl\/?p=1148"},"modified":"2023-11-22T13:53:14","modified_gmt":"2023-11-22T12:53:14","slug":"die-zukunft-des-hoerens-fortschritte-in-der-drahtlosen-kommunikation-von-hoergeraeten","status":"publish","type":"post","link":"https:\/\/hoerakustik-lehmann.de\/cl\/die-zukunft-des-hoerens-fortschritte-in-der-drahtlosen-kommunikation-von-hoergeraeten\/","title":{"rendered":"Die Zukunft des H\u00f6rens: Fortschritte in der drahtlosen Kommunikation von H\u00f6rger\u00e4ten"},"content":{"rendered":"<article id=\"post-2403\" class=\"clearfix post-2403 post type-post status-publish format-standard has-post-thumbnail hentry category-allgemein tag-hoersystem-2023 tag-hoersystem-dresden\">\n<div class=\"article-content\">\n<p>Die Welt der H\u00f6rakustik erlebt eine Revolution dank fortschreitender drahtloser Konnektivit\u00e4t in H\u00f6rger\u00e4ten. Diese Entwicklungen verbessern das H\u00f6rerlebnis auf beeindruckende Weise, ohne sich auf ein bestimmtes Ger\u00e4t zu beschr\u00e4nken:<\/p>\n<p>&nbsp;<\/p>\n<ol>\n<li>\n<h2><strong>Smartphone-Integration<\/strong><\/h2>\n<\/li>\n<\/ol>\n<p>Durch Bluetooth-Technologie bieten viele moderne H\u00f6rger\u00e4te eine nahtlose Verbindung zu Smartphones und Tablets. Dies erm\u00f6glicht nicht nur das kabellose Streamen von Musik und Anrufen, sondern auch die individuelle Anpassung \u00fcber spezielle Apps.<\/p>\n<p>&nbsp;<\/p>\n<ol start=\"2\">\n<li>\n<h2><strong>Universelle Konnektivit\u00e4t<\/strong><\/h2>\n<\/li>\n<\/ol>\n<p>H\u00f6rger\u00e4te verbinden sich nun m\u00fchelos mit Fernsehern und Computern, was ein kabelloses und komfortables H\u00f6rerlebnis im Alltag erm\u00f6glicht.<\/p>\n<p>&nbsp;<\/p>\n<ol start=\"3\">\n<li>\n<h2><strong>Intelligente Mikrofone<\/strong><\/h2>\n<\/li>\n<\/ol>\n<p>Richtungsspezifische Mikrofone richten sich automatisch auf die Schallquelle aus, was bedonders in lauten Umgebungen die Verst\u00e4ndlichkeit verbessert.<\/p>\n<p>&nbsp;<\/p>\n<ol start=\"4\">\n<li>\n<h2><strong>Echtzeit-Anpassung an die Umgebung<\/strong><\/h2>\n<\/li>\n<\/ol>\n<p>Durch Sensoren und fortschrittliche Algorithmen passen sich H\u00f6rger\u00e4te in Echtzeit an verschiedene Umgebungen an, um optimale Klangqualit\u00e4t sicherzustellen.<\/p>\n<p>&nbsp;<\/p>\n<ol start=\"5\">\n<li>\n<h2><strong>KI und maschinelles Lernen:<\/strong><\/h2>\n<\/li>\n<\/ol>\n<p>H\u00f6rger\u00e4te nutzen zunehmend KI und maschinelles Lernen, um sich an individuelle H\u00f6rgewohnheiten anzupassen und das H\u00f6rerlebnis kontinuierlich zu optimieren.<\/p>\n<p>&nbsp;<\/p>\n<p>Diese drahtlosen Innovationen versprechen ein verbessertes H\u00f6rerlebnis und zeigen auch wo die Zukunft in der Branche liegt. Freuen Sie sich auf weitere Entwicklungen, die unser H\u00f6ren und Verstehen nachhaltig ver\u00e4ndern und verbessern werden.<\/p>\n<\/div>\n<\/article>\n<section class=\"main-color container-wrap social-share-wrap\">\n<div class=\"container\">\n<div class=\"share-links\">\n<div class=\"hr-title hr-long\"><\/div>\n<\/div>\n<\/div>\n<\/section>\n<p>&nbsp;<\/p>\n","protected":false},"excerpt":{"rendered":"<p>Die Welt der H\u00f6rakustik erlebt eine Revolution dank fortschreitender drahtloser Konnektivit\u00e4t in H\u00f6rger\u00e4ten. Diese Entwicklungen verbessern das H\u00f6rerlebnis auf beeindruckende Weise, ohne sich auf ein bestimmtes Ger\u00e4t zu beschr\u00e4nken: &nbsp; Smartphone-Integration Durch Bluetooth-Technologie bieten viele moderne H\u00f6rger\u00e4te eine nahtlose Verbindung zu Smartphones und Tablets. Dies erm\u00f6glicht nicht nur das kabellose Streamen von Musik und Anrufen, [&hellip;]<\/p>\n","protected":false},"author":1,"featured_media":1149,"comment_status":"closed","ping_status":"closed","sticky":false,"template":"","format":"standard","meta":{"_mi_skip_tracking":false,"_monsterinsights_sitenote_active":false,"_monsterinsights_sitenote_note":"","_monsterinsights_sitenote_category":0,"footnotes":""},"categories":[3],"tags":[37,38],"class_list":["post-1148","post","type-post","status-publish","format-standard","has-post-thumbnail","hentry","category-hoerakustik","tag-hoerakustiker","tag-hoersystem"],"yoast_head":"<!-- This site is optimized with the Yoast SEO plugin v25.3.1 - https:\/\/yoast.com\/wordpress\/plugins\/seo\/ -->\n<title>Die Zukunft des H\u00f6rens: Fortschritte in der drahtlosen Kommunikation von H\u00f6rger\u00e4ten - H\u00f6rger\u00e4te in Berlin - H\u00f6rakustik Lehmann<\/title>\n<meta name=\"description\" content=\"Die Welt der H\u00f6rakustik erlebt eine Revolution dank fortschreitender drahtloser Konnektivit\u00e4t in H\u00f6rger\u00e4ten...\" \/>\n<meta name=\"robots\" content=\"index, follow, max-snippet:-1, max-image-preview:large, max-video-preview:-1\" \/>\n<link rel=\"canonical\" href=\"https:\/\/hoerakustik-lehmann.de\/cl\/die-zukunft-des-hoerens-fortschritte-in-der-drahtlosen-kommunikation-von-hoergeraeten\/\" \/>\n<meta property=\"og:locale\" content=\"de_DE\" \/>\n<meta property=\"og:type\" content=\"article\" \/>\n<meta property=\"og:title\" content=\"Die Zukunft des H\u00f6rens: Fortschritte in der drahtlosen Kommunikation von H\u00f6rger\u00e4ten - H\u00f6rger\u00e4te in Berlin - H\u00f6rakustik Lehmann\" \/>\n<meta property=\"og:description\" content=\"Die Welt der H\u00f6rakustik erlebt eine Revolution dank fortschreitender drahtloser Konnektivit\u00e4t in H\u00f6rger\u00e4ten...\" \/>\n<meta property=\"og:url\" content=\"https:\/\/hoerakustik-lehmann.de\/cl\/die-zukunft-des-hoerens-fortschritte-in-der-drahtlosen-kommunikation-von-hoergeraeten\/\" \/>\n<meta property=\"og:site_name\" content=\"H\u00f6rger\u00e4te in Berlin - H\u00f6rakustik Lehmann\" \/>\n<meta property=\"article:published_time\" content=\"2023-11-22T12:50:34+00:00\" \/>\n<meta property=\"article:modified_time\" content=\"2023-11-22T12:53:14+00:00\" \/>\n<meta property=\"og:image\" content=\"https:\/\/hoerakustik-lehmann.de\/cl\/wp-content\/uploads\/2023\/11\/pexels-andrea-piacquadio-3760607-scaled.jpg\" \/>\n\t<meta property=\"og:image:width\" content=\"2560\" \/>\n\t<meta property=\"og:image:height\" content=\"1707\" \/>\n\t<meta property=\"og:image:type\" content=\"image\/jpeg\" \/>\n<meta name=\"author\" content=\"audima\" \/>\n<meta name=\"twitter:card\" content=\"summary_large_image\" \/>\n<meta name=\"twitter:label1\" content=\"Verfasst von\" \/>\n\t<meta name=\"twitter:data1\" content=\"audima\" \/>\n\t<meta name=\"twitter:label2\" content=\"Gesch\u00e4tzte Lesezeit\" \/>\n\t<meta name=\"twitter:data2\" content=\"1\u00a0Minute\" \/>\n<script type=\"application\/ld+json\" class=\"yoast-schema-graph\">{\"@context\":\"https:\/\/schema.org\",\"@graph\":[{\"@type\":\"NewsArticle\",\"@id\":\"https:\/\/hoerakustik-lehmann.de\/cl\/die-zukunft-des-hoerens-fortschritte-in-der-drahtlosen-kommunikation-von-hoergeraeten\/#article\",\"isPartOf\":{\"@id\":\"https:\/\/hoerakustik-lehmann.de\/cl\/die-zukunft-des-hoerens-fortschritte-in-der-drahtlosen-kommunikation-von-hoergeraeten\/\"},\"author\":{\"name\":\"audima\",\"@id\":\"https:\/\/hoerakustik-lehmann.de\/cl\/#\/schema\/person\/4d7b00780407818acdb20174f8352e58\"},\"headline\":\"Die Zukunft des H\u00f6rens: Fortschritte in der drahtlosen Kommunikation von H\u00f6rger\u00e4ten\",\"datePublished\":\"2023-11-22T12:50:34+00:00\",\"dateModified\":\"2023-11-22T12:53:14+00:00\",\"mainEntityOfPage\":{\"@id\":\"https:\/\/hoerakustik-lehmann.de\/cl\/die-zukunft-des-hoerens-fortschritte-in-der-drahtlosen-kommunikation-von-hoergeraeten\/\"},\"wordCount\":227,\"publisher\":{\"@id\":\"https:\/\/hoerakustik-lehmann.de\/cl\/#organization\"},\"image\":{\"@id\":\"https:\/\/hoerakustik-lehmann.de\/cl\/die-zukunft-des-hoerens-fortschritte-in-der-drahtlosen-kommunikation-von-hoergeraeten\/#primaryimage\"},\"thumbnailUrl\":\"https:\/\/hoerakustik-lehmann.de\/cl\/wp-content\/uploads\/2023\/11\/pexels-andrea-piacquadio-3760607-scaled.jpg\",\"keywords\":[\"H\u00f6rakustiker\",\"H\u00f6rsystem\"],\"articleSection\":[\"H\u00f6rakustik\"],\"inLanguage\":\"de\"},{\"@type\":[\"WebPage\",\"MedicalWebPage\"],\"@id\":\"https:\/\/hoerakustik-lehmann.de\/cl\/die-zukunft-des-hoerens-fortschritte-in-der-drahtlosen-kommunikation-von-hoergeraeten\/\",\"url\":\"https:\/\/hoerakustik-lehmann.de\/cl\/die-zukunft-des-hoerens-fortschritte-in-der-drahtlosen-kommunikation-von-hoergeraeten\/\",\"name\":\"Die Zukunft des H\u00f6rens: Fortschritte in der drahtlosen Kommunikation von H\u00f6rger\u00e4ten - H\u00f6rger\u00e4te in Berlin - H\u00f6rakustik Lehmann\",\"isPartOf\":{\"@id\":\"https:\/\/hoerakustik-lehmann.de\/cl\/#website\"},\"primaryImageOfPage\":{\"@id\":\"https:\/\/hoerakustik-lehmann.de\/cl\/die-zukunft-des-hoerens-fortschritte-in-der-drahtlosen-kommunikation-von-hoergeraeten\/#primaryimage\"},\"image\":{\"@id\":\"https:\/\/hoerakustik-lehmann.de\/cl\/die-zukunft-des-hoerens-fortschritte-in-der-drahtlosen-kommunikation-von-hoergeraeten\/#primaryimage\"},\"thumbnailUrl\":\"https:\/\/hoerakustik-lehmann.de\/cl\/wp-content\/uploads\/2023\/11\/pexels-andrea-piacquadio-3760607-scaled.jpg\",\"datePublished\":\"2023-11-22T12:50:34+00:00\",\"dateModified\":\"2023-11-22T12:53:14+00:00\",\"description\":\"Die Welt der H\u00f6rakustik erlebt eine Revolution dank fortschreitender drahtloser Konnektivit\u00e4t in H\u00f6rger\u00e4ten...\",\"breadcrumb\":{\"@id\":\"https:\/\/hoerakustik-lehmann.de\/cl\/die-zukunft-des-hoerens-fortschritte-in-der-drahtlosen-kommunikation-von-hoergeraeten\/#breadcrumb\"},\"inLanguage\":\"de\",\"potentialAction\":[{\"@type\":\"ReadAction\",\"target\":[\"https:\/\/hoerakustik-lehmann.de\/cl\/die-zukunft-des-hoerens-fortschritte-in-der-drahtlosen-kommunikation-von-hoergeraeten\/\"]}]},{\"@type\":\"ImageObject\",\"inLanguage\":\"de\",\"@id\":\"https:\/\/hoerakustik-lehmann.de\/cl\/die-zukunft-des-hoerens-fortschritte-in-der-drahtlosen-kommunikation-von-hoergeraeten\/#primaryimage\",\"url\":\"https:\/\/hoerakustik-lehmann.de\/cl\/wp-content\/uploads\/2023\/11\/pexels-andrea-piacquadio-3760607-scaled.jpg\",\"contentUrl\":\"https:\/\/hoerakustik-lehmann.de\/cl\/wp-content\/uploads\/2023\/11\/pexels-andrea-piacquadio-3760607-scaled.jpg\",\"width\":2560,\"height\":1707},{\"@type\":\"BreadcrumbList\",\"@id\":\"https:\/\/hoerakustik-lehmann.de\/cl\/die-zukunft-des-hoerens-fortschritte-in-der-drahtlosen-kommunikation-von-hoergeraeten\/#breadcrumb\",\"itemListElement\":[{\"@type\":\"ListItem\",\"position\":1,\"name\":\"Startseite\",\"item\":\"https:\/\/hoerakustik-lehmann.de\/cl\/\"},{\"@type\":\"ListItem\",\"position\":2,\"name\":\"Die Zukunft des H\u00f6rens: Fortschritte in der drahtlosen Kommunikation von H\u00f6rger\u00e4ten\"}]},{\"@type\":\"WebSite\",\"@id\":\"https:\/\/hoerakustik-lehmann.de\/cl\/#website\",\"url\":\"https:\/\/hoerakustik-lehmann.de\/cl\/\",\"name\":\"H\u00f6rger\u00e4te in Berlin - H\u00f6rakustik Lehmann\",\"description\":\"H\u00f6r-Beratung, H\u00f6rger\u00e4te und Zubeh\u00f6r\",\"publisher\":{\"@id\":\"https:\/\/hoerakustik-lehmann.de\/cl\/#organization\"},\"potentialAction\":[{\"@type\":\"SearchAction\",\"target\":{\"@type\":\"EntryPoint\",\"urlTemplate\":\"https:\/\/hoerakustik-lehmann.de\/cl\/?s={search_term_string}\"},\"query-input\":{\"@type\":\"PropertyValueSpecification\",\"valueRequired\":true,\"valueName\":\"search_term_string\"}}],\"inLanguage\":\"de\"},{\"@type\":[\"Organization\",\"Place\",\"LocalBusiness\"],\"@id\":\"https:\/\/hoerakustik-lehmann.de\/cl\/#organization\",\"name\":\"H\u00f6rakustik Lehmann\",\"url\":\"https:\/\/hoerakustik-lehmann.de\/cl\/\",\"logo\":{\"@id\":\"https:\/\/hoerakustik-lehmann.de\/cl\/die-zukunft-des-hoerens-fortschritte-in-der-drahtlosen-kommunikation-von-hoergeraeten\/#local-main-organization-logo\"},\"image\":{\"@id\":\"https:\/\/hoerakustik-lehmann.de\/cl\/die-zukunft-des-hoerens-fortschritte-in-der-drahtlosen-kommunikation-von-hoergeraeten\/#local-main-organization-logo\"},\"address\":{\"@id\":\"https:\/\/hoerakustik-lehmann.de\/cl\/die-zukunft-des-hoerens-fortschritte-in-der-drahtlosen-kommunikation-von-hoergeraeten\/#local-main-place-address\"},\"telephone\":[\"Tel. 030 \u2013 209 53 833\"],\"openingHoursSpecification\":[{\"@type\":\"OpeningHoursSpecification\",\"dayOfWeek\":[\"Monday\",\"Tuesday\",\"Wednesday\",\"Thursday\"],\"opens\":\"09:00\",\"closes\":\"18:00\"},{\"@type\":\"OpeningHoursSpecification\",\"dayOfWeek\":[\"Friday\"],\"opens\":\"09:00\",\"closes\":\"13:00\"},{\"@type\":\"OpeningHoursSpecification\",\"dayOfWeek\":[\"Saturday\",\"Sunday\"],\"opens\":\"00:00\",\"closes\":\"00:00\"}],\"email\":\"info@hoerakustik-lehmann.de\"},{\"@type\":\"Person\",\"@id\":\"https:\/\/hoerakustik-lehmann.de\/cl\/#\/schema\/person\/4d7b00780407818acdb20174f8352e58\",\"name\":\"audima\",\"image\":{\"@type\":\"ImageObject\",\"inLanguage\":\"de\",\"@id\":\"https:\/\/hoerakustik-lehmann.de\/cl\/#\/schema\/person\/image\/\",\"url\":\"https:\/\/secure.gravatar.com\/avatar\/400b9c84a66ac56740f94e6b9cbf73ad?s=96&d=mm&r=g\",\"contentUrl\":\"https:\/\/secure.gravatar.com\/avatar\/400b9c84a66ac56740f94e6b9cbf73ad?s=96&d=mm&r=g\",\"caption\":\"audima\"}},{\"@type\":\"PostalAddress\",\"@id\":\"https:\/\/hoerakustik-lehmann.de\/cl\/die-zukunft-des-hoerens-fortschritte-in-der-drahtlosen-kommunikation-von-hoergeraeten\/#local-main-place-address\",\"streetAddress\":\"D\u00f6rpfeldstr. 36\",\"addressLocality\":\"Berlin\",\"postalCode\":\"12489\",\"addressCountry\":\"DE\"},{\"@type\":\"ImageObject\",\"inLanguage\":\"de\",\"@id\":\"https:\/\/hoerakustik-lehmann.de\/cl\/die-zukunft-des-hoerens-fortschritte-in-der-drahtlosen-kommunikation-von-hoergeraeten\/#local-main-organization-logo\",\"url\":\"https:\/\/hoerakustik-lehmann.de\/cl\/wp-content\/uploads\/2020\/02\/logo2.png\",\"contentUrl\":\"https:\/\/hoerakustik-lehmann.de\/cl\/wp-content\/uploads\/2020\/02\/logo2.png\",\"width\":579,\"height\":181,\"caption\":\"H\u00f6rakustik Lehmann\"}]}<\/script>\n<meta name=\"geo.placename\" content=\"Berlin\" \/>\n<meta name=\"geo.region\" content=\"Deutschland\" \/>\n<!-- \/ Yoast SEO plugin. -->","yoast_head_json":{"title":"Die Zukunft des H\u00f6rens: Fortschritte in der drahtlosen Kommunikation von H\u00f6rger\u00e4ten - H\u00f6rger\u00e4te in Berlin - H\u00f6rakustik Lehmann","description":"Die Welt der H\u00f6rakustik erlebt eine Revolution dank fortschreitender drahtloser Konnektivit\u00e4t in H\u00f6rger\u00e4ten...","robots":{"index":"index","follow":"follow","max-snippet":"max-snippet:-1","max-image-preview":"max-image-preview:large","max-video-preview":"max-video-preview:-1"},"canonical":"https:\/\/hoerakustik-lehmann.de\/cl\/die-zukunft-des-hoerens-fortschritte-in-der-drahtlosen-kommunikation-von-hoergeraeten\/","og_locale":"de_DE","og_type":"article","og_title":"Die Zukunft des H\u00f6rens: Fortschritte in der drahtlosen Kommunikation von H\u00f6rger\u00e4ten - H\u00f6rger\u00e4te in Berlin - H\u00f6rakustik Lehmann","og_description":"Die Welt der H\u00f6rakustik erlebt eine Revolution dank fortschreitender drahtloser Konnektivit\u00e4t in H\u00f6rger\u00e4ten...","og_url":"https:\/\/hoerakustik-lehmann.de\/cl\/die-zukunft-des-hoerens-fortschritte-in-der-drahtlosen-kommunikation-von-hoergeraeten\/","og_site_name":"H\u00f6rger\u00e4te in Berlin - H\u00f6rakustik Lehmann","article_published_time":"2023-11-22T12:50:34+00:00","article_modified_time":"2023-11-22T12:53:14+00:00","og_image":[{"width":2560,"height":1707,"url":"https:\/\/hoerakustik-lehmann.de\/cl\/wp-content\/uploads\/2023\/11\/pexels-andrea-piacquadio-3760607-scaled.jpg","type":"image\/jpeg"}],"author":"audima","twitter_card":"summary_large_image","twitter_misc":{"Verfasst von":"audima","Gesch\u00e4tzte Lesezeit":"1\u00a0Minute"},"schema":{"@context":"https:\/\/schema.org","@graph":[{"@type":"NewsArticle","@id":"https:\/\/hoerakustik-lehmann.de\/cl\/die-zukunft-des-hoerens-fortschritte-in-der-drahtlosen-kommunikation-von-hoergeraeten\/#article","isPartOf":{"@id":"https:\/\/hoerakustik-lehmann.de\/cl\/die-zukunft-des-hoerens-fortschritte-in-der-drahtlosen-kommunikation-von-hoergeraeten\/"},"author":{"name":"audima","@id":"https:\/\/hoerakustik-lehmann.de\/cl\/#\/schema\/person\/4d7b00780407818acdb20174f8352e58"},"headline":"Die Zukunft des H\u00f6rens: Fortschritte in der drahtlosen Kommunikation von H\u00f6rger\u00e4ten","datePublished":"2023-11-22T12:50:34+00:00","dateModified":"2023-11-22T12:53:14+00:00","mainEntityOfPage":{"@id":"https:\/\/hoerakustik-lehmann.de\/cl\/die-zukunft-des-hoerens-fortschritte-in-der-drahtlosen-kommunikation-von-hoergeraeten\/"},"wordCount":227,"publisher":{"@id":"https:\/\/hoerakustik-lehmann.de\/cl\/#organization"},"image":{"@id":"https:\/\/hoerakustik-lehmann.de\/cl\/die-zukunft-des-hoerens-fortschritte-in-der-drahtlosen-kommunikation-von-hoergeraeten\/#primaryimage"},"thumbnailUrl":"https:\/\/hoerakustik-lehmann.de\/cl\/wp-content\/uploads\/2023\/11\/pexels-andrea-piacquadio-3760607-scaled.jpg","keywords":["H\u00f6rakustiker","H\u00f6rsystem"],"articleSection":["H\u00f6rakustik"],"inLanguage":"de"},{"@type":["WebPage","MedicalWebPage"],"@id":"https:\/\/hoerakustik-lehmann.de\/cl\/die-zukunft-des-hoerens-fortschritte-in-der-drahtlosen-kommunikation-von-hoergeraeten\/","url":"https:\/\/hoerakustik-lehmann.de\/cl\/die-zukunft-des-hoerens-fortschritte-in-der-drahtlosen-kommunikation-von-hoergeraeten\/","name":"Die Zukunft des H\u00f6rens: Fortschritte in der drahtlosen Kommunikation von H\u00f6rger\u00e4ten - H\u00f6rger\u00e4te in Berlin - H\u00f6rakustik Lehmann","isPartOf":{"@id":"https:\/\/hoerakustik-lehmann.de\/cl\/#website"},"primaryImageOfPage":{"@id":"https:\/\/hoerakustik-lehmann.de\/cl\/die-zukunft-des-hoerens-fortschritte-in-der-drahtlosen-kommunikation-von-hoergeraeten\/#primaryimage"},"image":{"@id":"https:\/\/hoerakustik-lehmann.de\/cl\/die-zukunft-des-hoerens-fortschritte-in-der-drahtlosen-kommunikation-von-hoergeraeten\/#primaryimage"},"thumbnailUrl":"https:\/\/hoerakustik-lehmann.de\/cl\/wp-content\/uploads\/2023\/11\/pexels-andrea-piacquadio-3760607-scaled.jpg","datePublished":"2023-11-22T12:50:34+00:00","dateModified":"2023-11-22T12:53:14+00:00","description":"Die Welt der H\u00f6rakustik erlebt eine Revolution dank fortschreitender drahtloser Konnektivit\u00e4t in H\u00f6rger\u00e4ten...","breadcrumb":{"@id":"https:\/\/hoerakustik-lehmann.de\/cl\/die-zukunft-des-hoerens-fortschritte-in-der-drahtlosen-kommunikation-von-hoergeraeten\/#breadcrumb"},"inLanguage":"de","potentialAction":[{"@type":"ReadAction","target":["https:\/\/hoerakustik-lehmann.de\/cl\/die-zukunft-des-hoerens-fortschritte-in-der-drahtlosen-kommunikation-von-hoergeraeten\/"]}]},{"@type":"ImageObject","inLanguage":"de","@id":"https:\/\/hoerakustik-lehmann.de\/cl\/die-zukunft-des-hoerens-fortschritte-in-der-drahtlosen-kommunikation-von-hoergeraeten\/#primaryimage","url":"https:\/\/hoerakustik-lehmann.de\/cl\/wp-content\/uploads\/2023\/11\/pexels-andrea-piacquadio-3760607-scaled.jpg","contentUrl":"https:\/\/hoerakustik-lehmann.de\/cl\/wp-content\/uploads\/2023\/11\/pexels-andrea-piacquadio-3760607-scaled.jpg","width":2560,"height":1707},{"@type":"BreadcrumbList","@id":"https:\/\/hoerakustik-lehmann.de\/cl\/die-zukunft-des-hoerens-fortschritte-in-der-drahtlosen-kommunikation-von-hoergeraeten\/#breadcrumb","itemListElement":[{"@type":"ListItem","position":1,"name":"Startseite","item":"https:\/\/hoerakustik-lehmann.de\/cl\/"},{"@type":"ListItem","position":2,"name":"Die Zukunft des H\u00f6rens: Fortschritte in der drahtlosen Kommunikation von H\u00f6rger\u00e4ten"}]},{"@type":"WebSite","@id":"https:\/\/hoerakustik-lehmann.de\/cl\/#website","url":"https:\/\/hoerakustik-lehmann.de\/cl\/","name":"H\u00f6rger\u00e4te in Berlin - H\u00f6rakustik Lehmann","description":"H\u00f6r-Beratung, H\u00f6rger\u00e4te und Zubeh\u00f6r","publisher":{"@id":"https:\/\/hoerakustik-lehmann.de\/cl\/#organization"},"potentialAction":[{"@type":"SearchAction","target":{"@type":"EntryPoint","urlTemplate":"https:\/\/hoerakustik-lehmann.de\/cl\/?s={search_term_string}"},"query-input":{"@type":"PropertyValueSpecification","valueRequired":true,"valueName":"search_term_string"}}],"inLanguage":"de"},{"@type":["Organization","Place","LocalBusiness"],"@id":"https:\/\/hoerakustik-lehmann.de\/cl\/#organization","name":"H\u00f6rakustik Lehmann","url":"https:\/\/hoerakustik-lehmann.de\/cl\/","logo":{"@id":"https:\/\/hoerakustik-lehmann.de\/cl\/die-zukunft-des-hoerens-fortschritte-in-der-drahtlosen-kommunikation-von-hoergeraeten\/#local-main-organization-logo"},"image":{"@id":"https:\/\/hoerakustik-lehmann.de\/cl\/die-zukunft-des-hoerens-fortschritte-in-der-drahtlosen-kommunikation-von-hoergeraeten\/#local-main-organization-logo"},"address":{"@id":"https:\/\/hoerakustik-lehmann.de\/cl\/die-zukunft-des-hoerens-fortschritte-in-der-drahtlosen-kommunikation-von-hoergeraeten\/#local-main-place-address"},"telephone":["Tel. 030 \u2013 209 53 833"],"openingHoursSpecification":[{"@type":"OpeningHoursSpecification","dayOfWeek":["Monday","Tuesday","Wednesday","Thursday"],"opens":"09:00","closes":"18:00"},{"@type":"OpeningHoursSpecification","dayOfWeek":["Friday"],"opens":"09:00","closes":"13:00"},{"@type":"OpeningHoursSpecification","dayOfWeek":["Saturday","Sunday"],"opens":"00:00","closes":"00:00"}],"email":"info@hoerakustik-lehmann.de"},{"@type":"Person","@id":"https:\/\/hoerakustik-lehmann.de\/cl\/#\/schema\/person\/4d7b00780407818acdb20174f8352e58","name":"audima","image":{"@type":"ImageObject","inLanguage":"de","@id":"https:\/\/hoerakustik-lehmann.de\/cl\/#\/schema\/person\/image\/","url":"https:\/\/secure.gravatar.com\/avatar\/400b9c84a66ac56740f94e6b9cbf73ad?s=96&d=mm&r=g","contentUrl":"https:\/\/secure.gravatar.com\/avatar\/400b9c84a66ac56740f94e6b9cbf73ad?s=96&d=mm&r=g","caption":"audima"}},{"@type":"PostalAddress","@id":"https:\/\/hoerakustik-lehmann.de\/cl\/die-zukunft-des-hoerens-fortschritte-in-der-drahtlosen-kommunikation-von-hoergeraeten\/#local-main-place-address","streetAddress":"D\u00f6rpfeldstr. 36","addressLocality":"Berlin","postalCode":"12489","addressCountry":"DE"},{"@type":"ImageObject","inLanguage":"de","@id":"https:\/\/hoerakustik-lehmann.de\/cl\/die-zukunft-des-hoerens-fortschritte-in-der-drahtlosen-kommunikation-von-hoergeraeten\/#local-main-organization-logo","url":"https:\/\/hoerakustik-lehmann.de\/cl\/wp-content\/uploads\/2020\/02\/logo2.png","contentUrl":"https:\/\/hoerakustik-lehmann.de\/cl\/wp-content\/uploads\/2020\/02\/logo2.png","width":579,"height":181,"caption":"H\u00f6rakustik Lehmann"}]},"geo.placename":"Berlin","geo.region":"Deutschland"},"_links":{"self":[{"href":"https:\/\/hoerakustik-lehmann.de\/cl\/wp-json\/wp\/v2\/posts\/1148"}],"collection":[{"href":"https:\/\/hoerakustik-lehmann.de\/cl\/wp-json\/wp\/v2\/posts"}],"about":[{"href":"https:\/\/hoerakustik-lehmann.de\/cl\/wp-json\/wp\/v2\/types\/post"}],"author":[{"embeddable":true,"href":"https:\/\/hoerakustik-lehmann.de\/cl\/wp-json\/wp\/v2\/users\/1"}],"replies":[{"embeddable":true,"href":"https:\/\/hoerakustik-lehmann.de\/cl\/wp-json\/wp\/v2\/comments?post=1148"}],"version-history":[{"count":2,"href":"https:\/\/hoerakustik-lehmann.de\/cl\/wp-json\/wp\/v2\/posts\/1148\/revisions"}],"predecessor-version":[{"id":1151,"href":"https:\/\/hoerakustik-lehmann.de\/cl\/wp-json\/wp\/v2\/posts\/1148\/revisions\/1151"}],"wp:featuredmedia":[{"embeddable":true,"href":"https:\/\/hoerakustik-lehmann.de\/cl\/wp-json\/wp\/v2\/media\/1149"}],"wp:attachment":[{"href":"https:\/\/hoerakustik-lehmann.de\/cl\/wp-json\/wp\/v2\/media?parent=1148"}],"wp:term":[{"taxonomy":"category","embeddable":true,"href":"https:\/\/hoerakustik-lehmann.de\/cl\/wp-json\/wp\/v2\/categories?post=1148"},{"taxonomy":"post_tag","embeddable":true,"href":"https:\/\/hoerakustik-lehmann.de\/cl\/wp-json\/wp\/v2\/tags?post=1148"}],"curies":[{"name":"wp","href":"https:\/\/api.w.org\/{rel}","templated":true}]}}