{"id":1143,"date":"2023-10-30T14:42:12","date_gmt":"2023-10-30T13:42:12","guid":{"rendered":"https:\/\/hoerakustik-lehmann.de\/cl\/?p=1143"},"modified":"2023-11-14T11:27:42","modified_gmt":"2023-11-14T10:27:42","slug":"neues-aus-der-welt-der-hoerakustik-direkt-vom-euha-kongress-2023","status":"publish","type":"post","link":"https:\/\/hoerakustik-lehmann.de\/cl\/neues-aus-der-welt-der-hoerakustik-direkt-vom-euha-kongress-2023\/","title":{"rendered":"Neues aus der Welt der H\u00f6rakustik, direkt vom EUHA Kongress 2023"},"content":{"rendered":"<article id=\"post-2403\" class=\"clearfix post-2403 post type-post status-publish format-standard has-post-thumbnail hentry category-allgemein tag-hoersystem-2023 tag-hoersystem-dresden\">\n<div class=\"article-content\">\n<p>Der <strong>H\u00f6rakustik-Kongress \u201eEUHA\u201c<\/strong> im Herbst ist das j\u00e4hrliche Highlight f\u00fcr uns H\u00f6rakustiker. Auch in diesem Jahr m\u00f6chten wir Sie \u00fcber die spannenden Messeneuheiten informieren, denn diese Innovationen haben das Potenzial, H\u00f6ren und Verstehen mit einer H\u00f6rminderung, entscheidend zu ver\u00e4ndern.<\/p>\n<p>Eine herausragende Entwicklung betrifft den Einsatz von k\u00fcnstlicher Intelligenz und dem maschinellen Lernen in H\u00f6rger\u00e4ten. Diese Technologien erm\u00f6glichen eine \u00e4u\u00dferst pr\u00e4zise Anpassung der H\u00f6rhilfen an die individuellen Bed\u00fcrfnisse der Tr\u00e4ger und verbessern die Rauschunterdr\u00fcckung sowie die Spracherkennung erheblich. In Echtzeit passen sich die H\u00f6rger\u00e4te an Ihre Umgebung und Ihren Lebensstil an zum Beispiel beim <a href=\"https:\/\/annescheibe.yoga\">Yoga<\/a>,, um ein beeindruckend klares und nat\u00fcrliches H\u00f6rerlebnis zu erm\u00f6glichen.<\/p>\n<p>Ein ganz besonderes Highlight sind die kleinsten wiederaufladbaren H\u00f6rger\u00e4te der Welt: die <strong>Signia Silk Charge&amp;Go IX<\/strong> Im-Ohr-H\u00f6rger\u00e4te. Vereinbaren Sie gleich einen Testtermin!<\/p>\n<p>Die Einf\u00fchrung von 3D-Drucktechnologie hat die ma\u00dfgefertigte Anpassung von H\u00f6rger\u00e4ten revolutioniert. Dies erm\u00f6glicht noch pr\u00e4zisere und komfortablere Anpassungen f\u00fcr die Tr\u00e4ger. Auch im Bereich Tinnitus-Management gab es beeindruckende Fortschritte, um die Lebensqualit\u00e4t von Betroffenen zu verbessern.<\/p>\n<p>Bluetooth-Konnektivit\u00e4t spielte ebenfalls eine gro\u00dfe Rolle. H\u00f6rger\u00e4te mit erweiterten Bluetooth-Funktionen erm\u00f6glichen nahtlose Integration in den digitalen Alltag der Tr\u00e4ger, was die Bedienung und Steuerung der H\u00f6rsysteme erleichtert.<\/p>\n<p>Und schlie\u00dflich wurde auf der Messe auch die Bedeutung der Nachhaltigkeit in der H\u00f6rakustik betont, wobei Hersteller umweltfreundlichen Materialien und Verpackungen vorstellten.<\/p>\n<p>Wir m\u00f6chten Ihnen, unseren Kunden, die bestm\u00f6gliche Betreuung mit den neuesten technologischen Innovationen bieten. Kommen Sie zu einem unverbindlichen Beratungstermin vorbei.<\/p>\n<p>Ihr H\u00f6rverm\u00f6gen wird es Ihnen danken. Wir freuen uns auf Sie!<\/p>\n<\/div>\n<\/article>\n<section class=\"main-color container-wrap social-share-wrap\">\n<div class=\"container\">\n<div class=\"share-links\">\n<div class=\"hr-title hr-long\"><\/div>\n<\/div>\n<\/div>\n<\/section>\n<p>&nbsp;<\/p>\n","protected":false},"excerpt":{"rendered":"<p>Der H\u00f6rakustik-Kongress \u201eEUHA\u201c im Herbst ist das j\u00e4hrliche Highlight f\u00fcr uns H\u00f6rakustiker. Auch in diesem Jahr m\u00f6chten wir Sie \u00fcber die spannenden Messeneuheiten informieren, denn diese Innovationen haben das Potenzial, H\u00f6ren und Verstehen mit einer H\u00f6rminderung, entscheidend zu ver\u00e4ndern. Eine herausragende Entwicklung betrifft den Einsatz von k\u00fcnstlicher Intelligenz und dem maschinellen Lernen in H\u00f6rger\u00e4ten. Diese [&hellip;]<\/p>\n","protected":false},"author":1,"featured_media":1144,"comment_status":"closed","ping_status":"closed","sticky":false,"template":"","format":"standard","meta":{"_mi_skip_tracking":false,"_monsterinsights_sitenote_active":false,"_monsterinsights_sitenote_note":"","_monsterinsights_sitenote_category":0,"footnotes":""},"categories":[3],"tags":[37,38,36],"class_list":["post-1143","post","type-post","status-publish","format-standard","has-post-thumbnail","hentry","category-hoerakustik","tag-hoerakustiker","tag-hoersystem","tag-hoerverlust"],"yoast_head":"<!-- This site is optimized with the Yoast SEO plugin v25.3.1 - https:\/\/yoast.com\/wordpress\/plugins\/seo\/ -->\n<title>Neues aus der Welt der H\u00f6rakustik, direkt vom EUHA Kongress 2023 - H\u00f6rger\u00e4te in Berlin - H\u00f6rakustik Lehmann<\/title>\n<meta name=\"description\" content=\"Ab dem 50. Lebensjahr tritt vermehrt eine H\u00f6rminderung namens Altersschwerh\u00f6rigkeit (Presbyakusis) auf, von der in Deutschland jeder f\u00fcnfte zwischen 65 und 74 Jahren betroffen ist.\" \/>\n<meta name=\"robots\" content=\"index, follow, max-snippet:-1, max-image-preview:large, max-video-preview:-1\" \/>\n<link rel=\"canonical\" href=\"https:\/\/hoerakustik-lehmann.de\/cl\/neues-aus-der-welt-der-hoerakustik-direkt-vom-euha-kongress-2023\/\" \/>\n<meta property=\"og:locale\" content=\"de_DE\" \/>\n<meta property=\"og:type\" content=\"article\" \/>\n<meta property=\"og:title\" content=\"Neues aus der Welt der H\u00f6rakustik, direkt vom EUHA Kongress 2023 - H\u00f6rger\u00e4te in Berlin - H\u00f6rakustik Lehmann\" \/>\n<meta property=\"og:description\" content=\"Ab dem 50. Lebensjahr tritt vermehrt eine H\u00f6rminderung namens Altersschwerh\u00f6rigkeit (Presbyakusis) auf, von der in Deutschland jeder f\u00fcnfte zwischen 65 und 74 Jahren betroffen ist.\" \/>\n<meta property=\"og:url\" content=\"https:\/\/hoerakustik-lehmann.de\/cl\/neues-aus-der-welt-der-hoerakustik-direkt-vom-euha-kongress-2023\/\" \/>\n<meta property=\"og:site_name\" content=\"H\u00f6rger\u00e4te in Berlin - H\u00f6rakustik Lehmann\" \/>\n<meta property=\"article:published_time\" content=\"2023-10-30T13:42:12+00:00\" \/>\n<meta property=\"article:modified_time\" content=\"2023-11-14T10:27:42+00:00\" \/>\n<meta property=\"og:image\" content=\"https:\/\/hoerakustik-lehmann.de\/cl\/wp-content\/uploads\/2023\/10\/pexels-jeremy-mcgilvrey-6703915-scaled.jpg\" \/>\n\t<meta property=\"og:image:width\" content=\"2560\" \/>\n\t<meta property=\"og:image:height\" content=\"1005\" \/>\n\t<meta property=\"og:image:type\" content=\"image\/jpeg\" \/>\n<meta name=\"author\" content=\"audima\" \/>\n<meta name=\"twitter:card\" content=\"summary_large_image\" \/>\n<meta name=\"twitter:label1\" content=\"Verfasst von\" \/>\n\t<meta name=\"twitter:data1\" content=\"audima\" \/>\n\t<meta name=\"twitter:label2\" content=\"Gesch\u00e4tzte Lesezeit\" \/>\n\t<meta name=\"twitter:data2\" content=\"1\u00a0Minute\" \/>\n<script type=\"application\/ld+json\" class=\"yoast-schema-graph\">{\"@context\":\"https:\/\/schema.org\",\"@graph\":[{\"@type\":\"NewsArticle\",\"@id\":\"https:\/\/hoerakustik-lehmann.de\/cl\/neues-aus-der-welt-der-hoerakustik-direkt-vom-euha-kongress-2023\/#article\",\"isPartOf\":{\"@id\":\"https:\/\/hoerakustik-lehmann.de\/cl\/neues-aus-der-welt-der-hoerakustik-direkt-vom-euha-kongress-2023\/\"},\"author\":{\"name\":\"audima\",\"@id\":\"https:\/\/hoerakustik-lehmann.de\/cl\/#\/schema\/person\/4d7b00780407818acdb20174f8352e58\"},\"headline\":\"Neues aus der Welt der H\u00f6rakustik, direkt vom EUHA Kongress 2023\",\"datePublished\":\"2023-10-30T13:42:12+00:00\",\"dateModified\":\"2023-11-14T10:27:42+00:00\",\"mainEntityOfPage\":{\"@id\":\"https:\/\/hoerakustik-lehmann.de\/cl\/neues-aus-der-welt-der-hoerakustik-direkt-vom-euha-kongress-2023\/\"},\"wordCount\":305,\"publisher\":{\"@id\":\"https:\/\/hoerakustik-lehmann.de\/cl\/#organization\"},\"image\":{\"@id\":\"https:\/\/hoerakustik-lehmann.de\/cl\/neues-aus-der-welt-der-hoerakustik-direkt-vom-euha-kongress-2023\/#primaryimage\"},\"thumbnailUrl\":\"https:\/\/hoerakustik-lehmann.de\/cl\/wp-content\/uploads\/2023\/10\/pexels-jeremy-mcgilvrey-6703915-scaled.jpg\",\"keywords\":[\"H\u00f6rakustiker\",\"H\u00f6rsystem\",\"H\u00f6rverlust\"],\"articleSection\":[\"H\u00f6rakustik\"],\"inLanguage\":\"de\"},{\"@type\":[\"WebPage\",\"MedicalWebPage\"],\"@id\":\"https:\/\/hoerakustik-lehmann.de\/cl\/neues-aus-der-welt-der-hoerakustik-direkt-vom-euha-kongress-2023\/\",\"url\":\"https:\/\/hoerakustik-lehmann.de\/cl\/neues-aus-der-welt-der-hoerakustik-direkt-vom-euha-kongress-2023\/\",\"name\":\"Neues aus der Welt der H\u00f6rakustik, direkt vom EUHA Kongress 2023 - H\u00f6rger\u00e4te in Berlin - H\u00f6rakustik Lehmann\",\"isPartOf\":{\"@id\":\"https:\/\/hoerakustik-lehmann.de\/cl\/#website\"},\"primaryImageOfPage\":{\"@id\":\"https:\/\/hoerakustik-lehmann.de\/cl\/neues-aus-der-welt-der-hoerakustik-direkt-vom-euha-kongress-2023\/#primaryimage\"},\"image\":{\"@id\":\"https:\/\/hoerakustik-lehmann.de\/cl\/neues-aus-der-welt-der-hoerakustik-direkt-vom-euha-kongress-2023\/#primaryimage\"},\"thumbnailUrl\":\"https:\/\/hoerakustik-lehmann.de\/cl\/wp-content\/uploads\/2023\/10\/pexels-jeremy-mcgilvrey-6703915-scaled.jpg\",\"datePublished\":\"2023-10-30T13:42:12+00:00\",\"dateModified\":\"2023-11-14T10:27:42+00:00\",\"description\":\"Ab dem 50. Lebensjahr tritt vermehrt eine H\u00f6rminderung namens Altersschwerh\u00f6rigkeit (Presbyakusis) auf, von der in Deutschland jeder f\u00fcnfte zwischen 65 und 74 Jahren betroffen ist.\",\"breadcrumb\":{\"@id\":\"https:\/\/hoerakustik-lehmann.de\/cl\/neues-aus-der-welt-der-hoerakustik-direkt-vom-euha-kongress-2023\/#breadcrumb\"},\"inLanguage\":\"de\",\"potentialAction\":[{\"@type\":\"ReadAction\",\"target\":[\"https:\/\/hoerakustik-lehmann.de\/cl\/neues-aus-der-welt-der-hoerakustik-direkt-vom-euha-kongress-2023\/\"]}]},{\"@type\":\"ImageObject\",\"inLanguage\":\"de\",\"@id\":\"https:\/\/hoerakustik-lehmann.de\/cl\/neues-aus-der-welt-der-hoerakustik-direkt-vom-euha-kongress-2023\/#primaryimage\",\"url\":\"https:\/\/hoerakustik-lehmann.de\/cl\/wp-content\/uploads\/2023\/10\/pexels-jeremy-mcgilvrey-6703915-scaled.jpg\",\"contentUrl\":\"https:\/\/hoerakustik-lehmann.de\/cl\/wp-content\/uploads\/2023\/10\/pexels-jeremy-mcgilvrey-6703915-scaled.jpg\",\"width\":2560,\"height\":1005},{\"@type\":\"BreadcrumbList\",\"@id\":\"https:\/\/hoerakustik-lehmann.de\/cl\/neues-aus-der-welt-der-hoerakustik-direkt-vom-euha-kongress-2023\/#breadcrumb\",\"itemListElement\":[{\"@type\":\"ListItem\",\"position\":1,\"name\":\"Startseite\",\"item\":\"https:\/\/hoerakustik-lehmann.de\/cl\/\"},{\"@type\":\"ListItem\",\"position\":2,\"name\":\"Neues aus der Welt der H\u00f6rakustik, direkt vom EUHA Kongress 2023\"}]},{\"@type\":\"WebSite\",\"@id\":\"https:\/\/hoerakustik-lehmann.de\/cl\/#website\",\"url\":\"https:\/\/hoerakustik-lehmann.de\/cl\/\",\"name\":\"H\u00f6rger\u00e4te in Berlin - H\u00f6rakustik Lehmann\",\"description\":\"H\u00f6r-Beratung, H\u00f6rger\u00e4te und Zubeh\u00f6r\",\"publisher\":{\"@id\":\"https:\/\/hoerakustik-lehmann.de\/cl\/#organization\"},\"potentialAction\":[{\"@type\":\"SearchAction\",\"target\":{\"@type\":\"EntryPoint\",\"urlTemplate\":\"https:\/\/hoerakustik-lehmann.de\/cl\/?s={search_term_string}\"},\"query-input\":{\"@type\":\"PropertyValueSpecification\",\"valueRequired\":true,\"valueName\":\"search_term_string\"}}],\"inLanguage\":\"de\"},{\"@type\":[\"Organization\",\"Place\",\"LocalBusiness\"],\"@id\":\"https:\/\/hoerakustik-lehmann.de\/cl\/#organization\",\"name\":\"H\u00f6rakustik Lehmann\",\"url\":\"https:\/\/hoerakustik-lehmann.de\/cl\/\",\"logo\":{\"@id\":\"https:\/\/hoerakustik-lehmann.de\/cl\/neues-aus-der-welt-der-hoerakustik-direkt-vom-euha-kongress-2023\/#local-main-organization-logo\"},\"image\":{\"@id\":\"https:\/\/hoerakustik-lehmann.de\/cl\/neues-aus-der-welt-der-hoerakustik-direkt-vom-euha-kongress-2023\/#local-main-organization-logo\"},\"address\":{\"@id\":\"https:\/\/hoerakustik-lehmann.de\/cl\/neues-aus-der-welt-der-hoerakustik-direkt-vom-euha-kongress-2023\/#local-main-place-address\"},\"telephone\":[\"Tel. 030 \u2013 209 53 833\"],\"openingHoursSpecification\":[{\"@type\":\"OpeningHoursSpecification\",\"dayOfWeek\":[\"Monday\",\"Tuesday\",\"Wednesday\",\"Thursday\"],\"opens\":\"09:00\",\"closes\":\"18:00\"},{\"@type\":\"OpeningHoursSpecification\",\"dayOfWeek\":[\"Friday\"],\"opens\":\"09:00\",\"closes\":\"13:00\"},{\"@type\":\"OpeningHoursSpecification\",\"dayOfWeek\":[\"Saturday\",\"Sunday\"],\"opens\":\"00:00\",\"closes\":\"00:00\"}],\"email\":\"info@hoerakustik-lehmann.de\"},{\"@type\":\"Person\",\"@id\":\"https:\/\/hoerakustik-lehmann.de\/cl\/#\/schema\/person\/4d7b00780407818acdb20174f8352e58\",\"name\":\"audima\",\"image\":{\"@type\":\"ImageObject\",\"inLanguage\":\"de\",\"@id\":\"https:\/\/hoerakustik-lehmann.de\/cl\/#\/schema\/person\/image\/\",\"url\":\"https:\/\/secure.gravatar.com\/avatar\/400b9c84a66ac56740f94e6b9cbf73ad?s=96&d=mm&r=g\",\"contentUrl\":\"https:\/\/secure.gravatar.com\/avatar\/400b9c84a66ac56740f94e6b9cbf73ad?s=96&d=mm&r=g\",\"caption\":\"audima\"}},{\"@type\":\"PostalAddress\",\"@id\":\"https:\/\/hoerakustik-lehmann.de\/cl\/neues-aus-der-welt-der-hoerakustik-direkt-vom-euha-kongress-2023\/#local-main-place-address\",\"streetAddress\":\"D\u00f6rpfeldstr. 36\",\"addressLocality\":\"Berlin\",\"postalCode\":\"12489\",\"addressCountry\":\"DE\"},{\"@type\":\"ImageObject\",\"inLanguage\":\"de\",\"@id\":\"https:\/\/hoerakustik-lehmann.de\/cl\/neues-aus-der-welt-der-hoerakustik-direkt-vom-euha-kongress-2023\/#local-main-organization-logo\",\"url\":\"https:\/\/hoerakustik-lehmann.de\/cl\/wp-content\/uploads\/2020\/02\/logo2.png\",\"contentUrl\":\"https:\/\/hoerakustik-lehmann.de\/cl\/wp-content\/uploads\/2020\/02\/logo2.png\",\"width\":579,\"height\":181,\"caption\":\"H\u00f6rakustik Lehmann\"}]}<\/script>\n<meta name=\"geo.placename\" content=\"Berlin\" \/>\n<meta name=\"geo.region\" content=\"Deutschland\" \/>\n<!-- \/ Yoast SEO plugin. -->","yoast_head_json":{"title":"Neues aus der Welt der H\u00f6rakustik, direkt vom EUHA Kongress 2023 - H\u00f6rger\u00e4te in Berlin - H\u00f6rakustik Lehmann","description":"Ab dem 50. Lebensjahr tritt vermehrt eine H\u00f6rminderung namens Altersschwerh\u00f6rigkeit (Presbyakusis) auf, von der in Deutschland jeder f\u00fcnfte zwischen 65 und 74 Jahren betroffen ist.","robots":{"index":"index","follow":"follow","max-snippet":"max-snippet:-1","max-image-preview":"max-image-preview:large","max-video-preview":"max-video-preview:-1"},"canonical":"https:\/\/hoerakustik-lehmann.de\/cl\/neues-aus-der-welt-der-hoerakustik-direkt-vom-euha-kongress-2023\/","og_locale":"de_DE","og_type":"article","og_title":"Neues aus der Welt der H\u00f6rakustik, direkt vom EUHA Kongress 2023 - H\u00f6rger\u00e4te in Berlin - H\u00f6rakustik Lehmann","og_description":"Ab dem 50. Lebensjahr tritt vermehrt eine H\u00f6rminderung namens Altersschwerh\u00f6rigkeit (Presbyakusis) auf, von der in Deutschland jeder f\u00fcnfte zwischen 65 und 74 Jahren betroffen ist.","og_url":"https:\/\/hoerakustik-lehmann.de\/cl\/neues-aus-der-welt-der-hoerakustik-direkt-vom-euha-kongress-2023\/","og_site_name":"H\u00f6rger\u00e4te in Berlin - H\u00f6rakustik Lehmann","article_published_time":"2023-10-30T13:42:12+00:00","article_modified_time":"2023-11-14T10:27:42+00:00","og_image":[{"width":2560,"height":1005,"url":"https:\/\/hoerakustik-lehmann.de\/cl\/wp-content\/uploads\/2023\/10\/pexels-jeremy-mcgilvrey-6703915-scaled.jpg","type":"image\/jpeg"}],"author":"audima","twitter_card":"summary_large_image","twitter_misc":{"Verfasst von":"audima","Gesch\u00e4tzte Lesezeit":"1\u00a0Minute"},"schema":{"@context":"https:\/\/schema.org","@graph":[{"@type":"NewsArticle","@id":"https:\/\/hoerakustik-lehmann.de\/cl\/neues-aus-der-welt-der-hoerakustik-direkt-vom-euha-kongress-2023\/#article","isPartOf":{"@id":"https:\/\/hoerakustik-lehmann.de\/cl\/neues-aus-der-welt-der-hoerakustik-direkt-vom-euha-kongress-2023\/"},"author":{"name":"audima","@id":"https:\/\/hoerakustik-lehmann.de\/cl\/#\/schema\/person\/4d7b00780407818acdb20174f8352e58"},"headline":"Neues aus der Welt der H\u00f6rakustik, direkt vom EUHA Kongress 2023","datePublished":"2023-10-30T13:42:12+00:00","dateModified":"2023-11-14T10:27:42+00:00","mainEntityOfPage":{"@id":"https:\/\/hoerakustik-lehmann.de\/cl\/neues-aus-der-welt-der-hoerakustik-direkt-vom-euha-kongress-2023\/"},"wordCount":305,"publisher":{"@id":"https:\/\/hoerakustik-lehmann.de\/cl\/#organization"},"image":{"@id":"https:\/\/hoerakustik-lehmann.de\/cl\/neues-aus-der-welt-der-hoerakustik-direkt-vom-euha-kongress-2023\/#primaryimage"},"thumbnailUrl":"https:\/\/hoerakustik-lehmann.de\/cl\/wp-content\/uploads\/2023\/10\/pexels-jeremy-mcgilvrey-6703915-scaled.jpg","keywords":["H\u00f6rakustiker","H\u00f6rsystem","H\u00f6rverlust"],"articleSection":["H\u00f6rakustik"],"inLanguage":"de"},{"@type":["WebPage","MedicalWebPage"],"@id":"https:\/\/hoerakustik-lehmann.de\/cl\/neues-aus-der-welt-der-hoerakustik-direkt-vom-euha-kongress-2023\/","url":"https:\/\/hoerakustik-lehmann.de\/cl\/neues-aus-der-welt-der-hoerakustik-direkt-vom-euha-kongress-2023\/","name":"Neues aus der Welt der H\u00f6rakustik, direkt vom EUHA Kongress 2023 - H\u00f6rger\u00e4te in Berlin - H\u00f6rakustik Lehmann","isPartOf":{"@id":"https:\/\/hoerakustik-lehmann.de\/cl\/#website"},"primaryImageOfPage":{"@id":"https:\/\/hoerakustik-lehmann.de\/cl\/neues-aus-der-welt-der-hoerakustik-direkt-vom-euha-kongress-2023\/#primaryimage"},"image":{"@id":"https:\/\/hoerakustik-lehmann.de\/cl\/neues-aus-der-welt-der-hoerakustik-direkt-vom-euha-kongress-2023\/#primaryimage"},"thumbnailUrl":"https:\/\/hoerakustik-lehmann.de\/cl\/wp-content\/uploads\/2023\/10\/pexels-jeremy-mcgilvrey-6703915-scaled.jpg","datePublished":"2023-10-30T13:42:12+00:00","dateModified":"2023-11-14T10:27:42+00:00","description":"Ab dem 50. Lebensjahr tritt vermehrt eine H\u00f6rminderung namens Altersschwerh\u00f6rigkeit (Presbyakusis) auf, von der in Deutschland jeder f\u00fcnfte zwischen 65 und 74 Jahren betroffen ist.","breadcrumb":{"@id":"https:\/\/hoerakustik-lehmann.de\/cl\/neues-aus-der-welt-der-hoerakustik-direkt-vom-euha-kongress-2023\/#breadcrumb"},"inLanguage":"de","potentialAction":[{"@type":"ReadAction","target":["https:\/\/hoerakustik-lehmann.de\/cl\/neues-aus-der-welt-der-hoerakustik-direkt-vom-euha-kongress-2023\/"]}]},{"@type":"ImageObject","inLanguage":"de","@id":"https:\/\/hoerakustik-lehmann.de\/cl\/neues-aus-der-welt-der-hoerakustik-direkt-vom-euha-kongress-2023\/#primaryimage","url":"https:\/\/hoerakustik-lehmann.de\/cl\/wp-content\/uploads\/2023\/10\/pexels-jeremy-mcgilvrey-6703915-scaled.jpg","contentUrl":"https:\/\/hoerakustik-lehmann.de\/cl\/wp-content\/uploads\/2023\/10\/pexels-jeremy-mcgilvrey-6703915-scaled.jpg","width":2560,"height":1005},{"@type":"BreadcrumbList","@id":"https:\/\/hoerakustik-lehmann.de\/cl\/neues-aus-der-welt-der-hoerakustik-direkt-vom-euha-kongress-2023\/#breadcrumb","itemListElement":[{"@type":"ListItem","position":1,"name":"Startseite","item":"https:\/\/hoerakustik-lehmann.de\/cl\/"},{"@type":"ListItem","position":2,"name":"Neues aus der Welt der H\u00f6rakustik, direkt vom EUHA Kongress 2023"}]},{"@type":"WebSite","@id":"https:\/\/hoerakustik-lehmann.de\/cl\/#website","url":"https:\/\/hoerakustik-lehmann.de\/cl\/","name":"H\u00f6rger\u00e4te in Berlin - H\u00f6rakustik Lehmann","description":"H\u00f6r-Beratung, H\u00f6rger\u00e4te und Zubeh\u00f6r","publisher":{"@id":"https:\/\/hoerakustik-lehmann.de\/cl\/#organization"},"potentialAction":[{"@type":"SearchAction","target":{"@type":"EntryPoint","urlTemplate":"https:\/\/hoerakustik-lehmann.de\/cl\/?s={search_term_string}"},"query-input":{"@type":"PropertyValueSpecification","valueRequired":true,"valueName":"search_term_string"}}],"inLanguage":"de"},{"@type":["Organization","Place","LocalBusiness"],"@id":"https:\/\/hoerakustik-lehmann.de\/cl\/#organization","name":"H\u00f6rakustik Lehmann","url":"https:\/\/hoerakustik-lehmann.de\/cl\/","logo":{"@id":"https:\/\/hoerakustik-lehmann.de\/cl\/neues-aus-der-welt-der-hoerakustik-direkt-vom-euha-kongress-2023\/#local-main-organization-logo"},"image":{"@id":"https:\/\/hoerakustik-lehmann.de\/cl\/neues-aus-der-welt-der-hoerakustik-direkt-vom-euha-kongress-2023\/#local-main-organization-logo"},"address":{"@id":"https:\/\/hoerakustik-lehmann.de\/cl\/neues-aus-der-welt-der-hoerakustik-direkt-vom-euha-kongress-2023\/#local-main-place-address"},"telephone":["Tel. 030 \u2013 209 53 833"],"openingHoursSpecification":[{"@type":"OpeningHoursSpecification","dayOfWeek":["Monday","Tuesday","Wednesday","Thursday"],"opens":"09:00","closes":"18:00"},{"@type":"OpeningHoursSpecification","dayOfWeek":["Friday"],"opens":"09:00","closes":"13:00"},{"@type":"OpeningHoursSpecification","dayOfWeek":["Saturday","Sunday"],"opens":"00:00","closes":"00:00"}],"email":"info@hoerakustik-lehmann.de"},{"@type":"Person","@id":"https:\/\/hoerakustik-lehmann.de\/cl\/#\/schema\/person\/4d7b00780407818acdb20174f8352e58","name":"audima","image":{"@type":"ImageObject","inLanguage":"de","@id":"https:\/\/hoerakustik-lehmann.de\/cl\/#\/schema\/person\/image\/","url":"https:\/\/secure.gravatar.com\/avatar\/400b9c84a66ac56740f94e6b9cbf73ad?s=96&d=mm&r=g","contentUrl":"https:\/\/secure.gravatar.com\/avatar\/400b9c84a66ac56740f94e6b9cbf73ad?s=96&d=mm&r=g","caption":"audima"}},{"@type":"PostalAddress","@id":"https:\/\/hoerakustik-lehmann.de\/cl\/neues-aus-der-welt-der-hoerakustik-direkt-vom-euha-kongress-2023\/#local-main-place-address","streetAddress":"D\u00f6rpfeldstr. 36","addressLocality":"Berlin","postalCode":"12489","addressCountry":"DE"},{"@type":"ImageObject","inLanguage":"de","@id":"https:\/\/hoerakustik-lehmann.de\/cl\/neues-aus-der-welt-der-hoerakustik-direkt-vom-euha-kongress-2023\/#local-main-organization-logo","url":"https:\/\/hoerakustik-lehmann.de\/cl\/wp-content\/uploads\/2020\/02\/logo2.png","contentUrl":"https:\/\/hoerakustik-lehmann.de\/cl\/wp-content\/uploads\/2020\/02\/logo2.png","width":579,"height":181,"caption":"H\u00f6rakustik Lehmann"}]},"geo.placename":"Berlin","geo.region":"Deutschland"},"_links":{"self":[{"href":"https:\/\/hoerakustik-lehmann.de\/cl\/wp-json\/wp\/v2\/posts\/1143"}],"collection":[{"href":"https:\/\/hoerakustik-lehmann.de\/cl\/wp-json\/wp\/v2\/posts"}],"about":[{"href":"https:\/\/hoerakustik-lehmann.de\/cl\/wp-json\/wp\/v2\/types\/post"}],"author":[{"embeddable":true,"href":"https:\/\/hoerakustik-lehmann.de\/cl\/wp-json\/wp\/v2\/users\/1"}],"replies":[{"embeddable":true,"href":"https:\/\/hoerakustik-lehmann.de\/cl\/wp-json\/wp\/v2\/comments?post=1143"}],"version-history":[{"count":2,"href":"https:\/\/hoerakustik-lehmann.de\/cl\/wp-json\/wp\/v2\/posts\/1143\/revisions"}],"predecessor-version":[{"id":1147,"href":"https:\/\/hoerakustik-lehmann.de\/cl\/wp-json\/wp\/v2\/posts\/1143\/revisions\/1147"}],"wp:featuredmedia":[{"embeddable":true,"href":"https:\/\/hoerakustik-lehmann.de\/cl\/wp-json\/wp\/v2\/media\/1144"}],"wp:attachment":[{"href":"https:\/\/hoerakustik-lehmann.de\/cl\/wp-json\/wp\/v2\/media?parent=1143"}],"wp:term":[{"taxonomy":"category","embeddable":true,"href":"https:\/\/hoerakustik-lehmann.de\/cl\/wp-json\/wp\/v2\/categories?post=1143"},{"taxonomy":"post_tag","embeddable":true,"href":"https:\/\/hoerakustik-lehmann.de\/cl\/wp-json\/wp\/v2\/tags?post=1143"}],"curies":[{"name":"wp","href":"https:\/\/api.w.org\/{rel}","templated":true}]}}