{"id":1116,"date":"2023-09-20T08:22:00","date_gmt":"2023-09-20T06:22:00","guid":{"rendered":"https:\/\/hoerakustik-lehmann.de\/cl\/?p=1116"},"modified":"2023-09-20T08:28:38","modified_gmt":"2023-09-20T06:28:38","slug":"herbstzeit-erkaeltungszeit","status":"publish","type":"post","link":"https:\/\/hoerakustik-lehmann.de\/cl\/herbstzeit-erkaeltungszeit\/","title":{"rendered":"Herbstzeit \u2013 Erk\u00e4ltungszeit!"},"content":{"rendered":"<article id=\"post-2403\" class=\"clearfix post-2403 post type-post status-publish format-standard has-post-thumbnail hentry category-allgemein tag-hoersystem-2023 tag-hoersystem-dresden\">\n<div class=\"article-content\">\n<h2><strong>Dein Wegweiser zu einem ausgewogenen H\u00f6rerlebnis!<\/strong><\/h2>\n<p><strong>Kann eine Erk\u00e4ltung zu H\u00f6rverlust f\u00fchren?<\/strong><\/p>\n<p>Herbst und Winter sind zwar wundersch\u00f6ne Jahreszeiten, bringen jedoch auch unliebsame G\u00e4ste mit sich \u2013 Erk\u00e4ltungen und Grippe. Doch wussten Sie, dass eine Erk\u00e4ltung tats\u00e4chlich Ihr Geh\u00f6r beeinflussen kann?<\/p>\n<p><strong>Tempor\u00e4rer H\u00f6rverlust:<\/strong><\/p>\n<p>W\u00e4hrend einer Erk\u00e4ltung sammelt sich oft Fl\u00fcssigkeit im Mittelohr an, was vor\u00fcbergehend zu einem H\u00f6rverlust f\u00fchren kann. Dieser Effekt wird Schallleitungs-Schwerh\u00f6rigkeit genannt und verschwindet normalerweise, wenn die Eustachische R\u00f6hre wieder frei ist.<\/p>\n<p><strong>Dauerhafter H\u00f6rverlust:<\/strong><\/p>\n<p>Wenn die Erk\u00e4ltung zu einer Ohrinfektion f\u00fchrt, kann dies zu anhaltenden H\u00f6rschwierigkeiten f\u00fchren. Ohrinfektionen sollten stets \u00e4rztlich behandelt werden, um m\u00f6gliche Komplikationen zu verhindern.<\/p>\n<p>In der Herbst- und Winterzeit ist es wichtig, sich warm zu halten, sich vor Erk\u00e4ltungen zu sch\u00fctzen und bei den ersten Anzeichen von H\u00f6rproblemen einen Arzt oder H\u00f6rakustiker aufzusuchen. So k\u00f6nnen Sie sicherstellen, dass Ihr Geh\u00f6r \u00fcberpr\u00fcft wird und auch w\u00e4hrend der Erk\u00e4ltungssaison alles klar, deutlich und verst\u00e4ndlich bleibt.<\/p>\n<p>Wir sind f\u00fcr Sie da!<\/p>\n<\/div>\n<\/article>\n<section class=\"main-color container-wrap social-share-wrap\">\n<div class=\"container\">\n<div class=\"share-links\">\n<div class=\"hr-title hr-long\"><\/div>\n<\/div>\n<\/div>\n<\/section>\n<p>&nbsp;<\/p>\n","protected":false},"excerpt":{"rendered":"<p>Dein Wegweiser zu einem ausgewogenen H\u00f6rerlebnis! Kann eine Erk\u00e4ltung zu H\u00f6rverlust f\u00fchren? Herbst und Winter sind zwar wundersch\u00f6ne Jahreszeiten, bringen jedoch auch unliebsame G\u00e4ste mit sich \u2013 Erk\u00e4ltungen und Grippe. Doch wussten Sie, dass eine Erk\u00e4ltung tats\u00e4chlich Ihr Geh\u00f6r beeinflussen kann? Tempor\u00e4rer H\u00f6rverlust: W\u00e4hrend einer Erk\u00e4ltung sammelt sich oft Fl\u00fcssigkeit im Mittelohr an, was vor\u00fcbergehend [&hellip;]<\/p>\n","protected":false},"author":1,"featured_media":1119,"comment_status":"closed","ping_status":"closed","sticky":false,"template":"","format":"standard","meta":{"_mi_skip_tracking":false,"_monsterinsights_sitenote_active":false,"_monsterinsights_sitenote_note":"","_monsterinsights_sitenote_category":0,"footnotes":""},"categories":[3],"tags":[37,38,36],"class_list":["post-1116","post","type-post","status-publish","format-standard","has-post-thumbnail","hentry","category-hoerakustik","tag-hoerakustiker","tag-hoersystem","tag-hoerverlust"],"yoast_head":"<!-- This site is optimized with the Yoast SEO plugin v25.3.1 - https:\/\/yoast.com\/wordpress\/plugins\/seo\/ -->\n<title>Herbstzeit \u2013 Erk\u00e4ltungszeit! - H\u00f6rger\u00e4te in Berlin - H\u00f6rakustik Lehmann<\/title>\n<meta name=\"description\" content=\"Ab dem 50. Lebensjahr tritt vermehrt eine H\u00f6rminderung namens Altersschwerh\u00f6rigkeit (Presbyakusis) auf, von der in Deutschland jeder f\u00fcnfte zwischen 65 und 74 Jahren betroffen ist.\" \/>\n<meta name=\"robots\" content=\"index, follow, max-snippet:-1, max-image-preview:large, max-video-preview:-1\" \/>\n<link rel=\"canonical\" href=\"https:\/\/hoerakustik-lehmann.de\/cl\/herbstzeit-erkaeltungszeit\/\" \/>\n<meta property=\"og:locale\" content=\"de_DE\" \/>\n<meta property=\"og:type\" content=\"article\" \/>\n<meta property=\"og:title\" content=\"Herbstzeit \u2013 Erk\u00e4ltungszeit! - H\u00f6rger\u00e4te in Berlin - H\u00f6rakustik Lehmann\" \/>\n<meta property=\"og:description\" content=\"Ab dem 50. Lebensjahr tritt vermehrt eine H\u00f6rminderung namens Altersschwerh\u00f6rigkeit (Presbyakusis) auf, von der in Deutschland jeder f\u00fcnfte zwischen 65 und 74 Jahren betroffen ist.\" \/>\n<meta property=\"og:url\" content=\"https:\/\/hoerakustik-lehmann.de\/cl\/herbstzeit-erkaeltungszeit\/\" \/>\n<meta property=\"og:site_name\" content=\"H\u00f6rger\u00e4te in Berlin - H\u00f6rakustik Lehmann\" \/>\n<meta property=\"article:published_time\" content=\"2023-09-20T06:22:00+00:00\" \/>\n<meta property=\"article:modified_time\" content=\"2023-09-20T06:28:38+00:00\" \/>\n<meta property=\"og:image\" content=\"https:\/\/hoerakustik-lehmann.de\/cl\/wp-content\/uploads\/2023\/09\/pexels-yaroslav-shuraev-8088589-scaled.jpg\" \/>\n\t<meta property=\"og:image:width\" content=\"2560\" \/>\n\t<meta property=\"og:image:height\" content=\"1911\" \/>\n\t<meta property=\"og:image:type\" content=\"image\/jpeg\" \/>\n<meta name=\"author\" content=\"audima\" \/>\n<meta name=\"twitter:card\" content=\"summary_large_image\" \/>\n<meta name=\"twitter:label1\" content=\"Verfasst von\" \/>\n\t<meta name=\"twitter:data1\" content=\"audima\" \/>\n\t<meta name=\"twitter:label2\" content=\"Gesch\u00e4tzte Lesezeit\" \/>\n\t<meta name=\"twitter:data2\" content=\"1\u00a0Minute\" \/>\n<script type=\"application\/ld+json\" class=\"yoast-schema-graph\">{\"@context\":\"https:\/\/schema.org\",\"@graph\":[{\"@type\":\"NewsArticle\",\"@id\":\"https:\/\/hoerakustik-lehmann.de\/cl\/herbstzeit-erkaeltungszeit\/#article\",\"isPartOf\":{\"@id\":\"https:\/\/hoerakustik-lehmann.de\/cl\/herbstzeit-erkaeltungszeit\/\"},\"author\":{\"name\":\"audima\",\"@id\":\"https:\/\/hoerakustik-lehmann.de\/cl\/#\/schema\/person\/4d7b00780407818acdb20174f8352e58\"},\"headline\":\"Herbstzeit \u2013 Erk\u00e4ltungszeit!\",\"datePublished\":\"2023-09-20T06:22:00+00:00\",\"dateModified\":\"2023-09-20T06:28:38+00:00\",\"mainEntityOfPage\":{\"@id\":\"https:\/\/hoerakustik-lehmann.de\/cl\/herbstzeit-erkaeltungszeit\/\"},\"wordCount\":195,\"publisher\":{\"@id\":\"https:\/\/hoerakustik-lehmann.de\/cl\/#organization\"},\"image\":{\"@id\":\"https:\/\/hoerakustik-lehmann.de\/cl\/herbstzeit-erkaeltungszeit\/#primaryimage\"},\"thumbnailUrl\":\"https:\/\/hoerakustik-lehmann.de\/cl\/wp-content\/uploads\/2023\/09\/pexels-yaroslav-shuraev-8088589-scaled.jpg\",\"keywords\":[\"H\u00f6rakustiker\",\"H\u00f6rsystem\",\"H\u00f6rverlust\"],\"articleSection\":[\"H\u00f6rakustik\"],\"inLanguage\":\"de\"},{\"@type\":[\"WebPage\",\"MedicalWebPage\"],\"@id\":\"https:\/\/hoerakustik-lehmann.de\/cl\/herbstzeit-erkaeltungszeit\/\",\"url\":\"https:\/\/hoerakustik-lehmann.de\/cl\/herbstzeit-erkaeltungszeit\/\",\"name\":\"Herbstzeit \u2013 Erk\u00e4ltungszeit! - H\u00f6rger\u00e4te in Berlin - H\u00f6rakustik Lehmann\",\"isPartOf\":{\"@id\":\"https:\/\/hoerakustik-lehmann.de\/cl\/#website\"},\"primaryImageOfPage\":{\"@id\":\"https:\/\/hoerakustik-lehmann.de\/cl\/herbstzeit-erkaeltungszeit\/#primaryimage\"},\"image\":{\"@id\":\"https:\/\/hoerakustik-lehmann.de\/cl\/herbstzeit-erkaeltungszeit\/#primaryimage\"},\"thumbnailUrl\":\"https:\/\/hoerakustik-lehmann.de\/cl\/wp-content\/uploads\/2023\/09\/pexels-yaroslav-shuraev-8088589-scaled.jpg\",\"datePublished\":\"2023-09-20T06:22:00+00:00\",\"dateModified\":\"2023-09-20T06:28:38+00:00\",\"description\":\"Ab dem 50. Lebensjahr tritt vermehrt eine H\u00f6rminderung namens Altersschwerh\u00f6rigkeit (Presbyakusis) auf, von der in Deutschland jeder f\u00fcnfte zwischen 65 und 74 Jahren betroffen ist.\",\"breadcrumb\":{\"@id\":\"https:\/\/hoerakustik-lehmann.de\/cl\/herbstzeit-erkaeltungszeit\/#breadcrumb\"},\"inLanguage\":\"de\",\"potentialAction\":[{\"@type\":\"ReadAction\",\"target\":[\"https:\/\/hoerakustik-lehmann.de\/cl\/herbstzeit-erkaeltungszeit\/\"]}]},{\"@type\":\"ImageObject\",\"inLanguage\":\"de\",\"@id\":\"https:\/\/hoerakustik-lehmann.de\/cl\/herbstzeit-erkaeltungszeit\/#primaryimage\",\"url\":\"https:\/\/hoerakustik-lehmann.de\/cl\/wp-content\/uploads\/2023\/09\/pexels-yaroslav-shuraev-8088589-scaled.jpg\",\"contentUrl\":\"https:\/\/hoerakustik-lehmann.de\/cl\/wp-content\/uploads\/2023\/09\/pexels-yaroslav-shuraev-8088589-scaled.jpg\",\"width\":2560,\"height\":1911},{\"@type\":\"BreadcrumbList\",\"@id\":\"https:\/\/hoerakustik-lehmann.de\/cl\/herbstzeit-erkaeltungszeit\/#breadcrumb\",\"itemListElement\":[{\"@type\":\"ListItem\",\"position\":1,\"name\":\"Startseite\",\"item\":\"https:\/\/hoerakustik-lehmann.de\/cl\/\"},{\"@type\":\"ListItem\",\"position\":2,\"name\":\"Herbstzeit \u2013 Erk\u00e4ltungszeit!\"}]},{\"@type\":\"WebSite\",\"@id\":\"https:\/\/hoerakustik-lehmann.de\/cl\/#website\",\"url\":\"https:\/\/hoerakustik-lehmann.de\/cl\/\",\"name\":\"H\u00f6rger\u00e4te in Berlin - H\u00f6rakustik Lehmann\",\"description\":\"H\u00f6r-Beratung, H\u00f6rger\u00e4te und Zubeh\u00f6r\",\"publisher\":{\"@id\":\"https:\/\/hoerakustik-lehmann.de\/cl\/#organization\"},\"potentialAction\":[{\"@type\":\"SearchAction\",\"target\":{\"@type\":\"EntryPoint\",\"urlTemplate\":\"https:\/\/hoerakustik-lehmann.de\/cl\/?s={search_term_string}\"},\"query-input\":{\"@type\":\"PropertyValueSpecification\",\"valueRequired\":true,\"valueName\":\"search_term_string\"}}],\"inLanguage\":\"de\"},{\"@type\":[\"Organization\",\"Place\",\"LocalBusiness\"],\"@id\":\"https:\/\/hoerakustik-lehmann.de\/cl\/#organization\",\"name\":\"H\u00f6rakustik Lehmann\",\"url\":\"https:\/\/hoerakustik-lehmann.de\/cl\/\",\"logo\":{\"@id\":\"https:\/\/hoerakustik-lehmann.de\/cl\/herbstzeit-erkaeltungszeit\/#local-main-organization-logo\"},\"image\":{\"@id\":\"https:\/\/hoerakustik-lehmann.de\/cl\/herbstzeit-erkaeltungszeit\/#local-main-organization-logo\"},\"address\":{\"@id\":\"https:\/\/hoerakustik-lehmann.de\/cl\/herbstzeit-erkaeltungszeit\/#local-main-place-address\"},\"telephone\":[\"Tel. 030 \u2013 209 53 833\"],\"openingHoursSpecification\":[{\"@type\":\"OpeningHoursSpecification\",\"dayOfWeek\":[\"Monday\",\"Tuesday\",\"Wednesday\",\"Thursday\"],\"opens\":\"09:00\",\"closes\":\"18:00\"},{\"@type\":\"OpeningHoursSpecification\",\"dayOfWeek\":[\"Friday\"],\"opens\":\"09:00\",\"closes\":\"13:00\"},{\"@type\":\"OpeningHoursSpecification\",\"dayOfWeek\":[\"Saturday\",\"Sunday\"],\"opens\":\"00:00\",\"closes\":\"00:00\"}],\"email\":\"info@hoerakustik-lehmann.de\"},{\"@type\":\"Person\",\"@id\":\"https:\/\/hoerakustik-lehmann.de\/cl\/#\/schema\/person\/4d7b00780407818acdb20174f8352e58\",\"name\":\"audima\",\"image\":{\"@type\":\"ImageObject\",\"inLanguage\":\"de\",\"@id\":\"https:\/\/hoerakustik-lehmann.de\/cl\/#\/schema\/person\/image\/\",\"url\":\"https:\/\/secure.gravatar.com\/avatar\/400b9c84a66ac56740f94e6b9cbf73ad?s=96&d=mm&r=g\",\"contentUrl\":\"https:\/\/secure.gravatar.com\/avatar\/400b9c84a66ac56740f94e6b9cbf73ad?s=96&d=mm&r=g\",\"caption\":\"audima\"}},{\"@type\":\"PostalAddress\",\"@id\":\"https:\/\/hoerakustik-lehmann.de\/cl\/herbstzeit-erkaeltungszeit\/#local-main-place-address\",\"streetAddress\":\"D\u00f6rpfeldstr. 36\",\"addressLocality\":\"Berlin\",\"postalCode\":\"12489\",\"addressCountry\":\"DE\"},{\"@type\":\"ImageObject\",\"inLanguage\":\"de\",\"@id\":\"https:\/\/hoerakustik-lehmann.de\/cl\/herbstzeit-erkaeltungszeit\/#local-main-organization-logo\",\"url\":\"https:\/\/hoerakustik-lehmann.de\/cl\/wp-content\/uploads\/2020\/02\/logo2.png\",\"contentUrl\":\"https:\/\/hoerakustik-lehmann.de\/cl\/wp-content\/uploads\/2020\/02\/logo2.png\",\"width\":579,\"height\":181,\"caption\":\"H\u00f6rakustik Lehmann\"}]}<\/script>\n<meta name=\"geo.placename\" content=\"Berlin\" \/>\n<meta name=\"geo.region\" content=\"Deutschland\" \/>\n<!-- \/ Yoast SEO plugin. -->","yoast_head_json":{"title":"Herbstzeit \u2013 Erk\u00e4ltungszeit! - H\u00f6rger\u00e4te in Berlin - H\u00f6rakustik Lehmann","description":"Ab dem 50. Lebensjahr tritt vermehrt eine H\u00f6rminderung namens Altersschwerh\u00f6rigkeit (Presbyakusis) auf, von der in Deutschland jeder f\u00fcnfte zwischen 65 und 74 Jahren betroffen ist.","robots":{"index":"index","follow":"follow","max-snippet":"max-snippet:-1","max-image-preview":"max-image-preview:large","max-video-preview":"max-video-preview:-1"},"canonical":"https:\/\/hoerakustik-lehmann.de\/cl\/herbstzeit-erkaeltungszeit\/","og_locale":"de_DE","og_type":"article","og_title":"Herbstzeit \u2013 Erk\u00e4ltungszeit! - H\u00f6rger\u00e4te in Berlin - H\u00f6rakustik Lehmann","og_description":"Ab dem 50. Lebensjahr tritt vermehrt eine H\u00f6rminderung namens Altersschwerh\u00f6rigkeit (Presbyakusis) auf, von der in Deutschland jeder f\u00fcnfte zwischen 65 und 74 Jahren betroffen ist.","og_url":"https:\/\/hoerakustik-lehmann.de\/cl\/herbstzeit-erkaeltungszeit\/","og_site_name":"H\u00f6rger\u00e4te in Berlin - H\u00f6rakustik Lehmann","article_published_time":"2023-09-20T06:22:00+00:00","article_modified_time":"2023-09-20T06:28:38+00:00","og_image":[{"width":2560,"height":1911,"url":"https:\/\/hoerakustik-lehmann.de\/cl\/wp-content\/uploads\/2023\/09\/pexels-yaroslav-shuraev-8088589-scaled.jpg","type":"image\/jpeg"}],"author":"audima","twitter_card":"summary_large_image","twitter_misc":{"Verfasst von":"audima","Gesch\u00e4tzte Lesezeit":"1\u00a0Minute"},"schema":{"@context":"https:\/\/schema.org","@graph":[{"@type":"NewsArticle","@id":"https:\/\/hoerakustik-lehmann.de\/cl\/herbstzeit-erkaeltungszeit\/#article","isPartOf":{"@id":"https:\/\/hoerakustik-lehmann.de\/cl\/herbstzeit-erkaeltungszeit\/"},"author":{"name":"audima","@id":"https:\/\/hoerakustik-lehmann.de\/cl\/#\/schema\/person\/4d7b00780407818acdb20174f8352e58"},"headline":"Herbstzeit \u2013 Erk\u00e4ltungszeit!","datePublished":"2023-09-20T06:22:00+00:00","dateModified":"2023-09-20T06:28:38+00:00","mainEntityOfPage":{"@id":"https:\/\/hoerakustik-lehmann.de\/cl\/herbstzeit-erkaeltungszeit\/"},"wordCount":195,"publisher":{"@id":"https:\/\/hoerakustik-lehmann.de\/cl\/#organization"},"image":{"@id":"https:\/\/hoerakustik-lehmann.de\/cl\/herbstzeit-erkaeltungszeit\/#primaryimage"},"thumbnailUrl":"https:\/\/hoerakustik-lehmann.de\/cl\/wp-content\/uploads\/2023\/09\/pexels-yaroslav-shuraev-8088589-scaled.jpg","keywords":["H\u00f6rakustiker","H\u00f6rsystem","H\u00f6rverlust"],"articleSection":["H\u00f6rakustik"],"inLanguage":"de"},{"@type":["WebPage","MedicalWebPage"],"@id":"https:\/\/hoerakustik-lehmann.de\/cl\/herbstzeit-erkaeltungszeit\/","url":"https:\/\/hoerakustik-lehmann.de\/cl\/herbstzeit-erkaeltungszeit\/","name":"Herbstzeit \u2013 Erk\u00e4ltungszeit! - H\u00f6rger\u00e4te in Berlin - H\u00f6rakustik Lehmann","isPartOf":{"@id":"https:\/\/hoerakustik-lehmann.de\/cl\/#website"},"primaryImageOfPage":{"@id":"https:\/\/hoerakustik-lehmann.de\/cl\/herbstzeit-erkaeltungszeit\/#primaryimage"},"image":{"@id":"https:\/\/hoerakustik-lehmann.de\/cl\/herbstzeit-erkaeltungszeit\/#primaryimage"},"thumbnailUrl":"https:\/\/hoerakustik-lehmann.de\/cl\/wp-content\/uploads\/2023\/09\/pexels-yaroslav-shuraev-8088589-scaled.jpg","datePublished":"2023-09-20T06:22:00+00:00","dateModified":"2023-09-20T06:28:38+00:00","description":"Ab dem 50. Lebensjahr tritt vermehrt eine H\u00f6rminderung namens Altersschwerh\u00f6rigkeit (Presbyakusis) auf, von der in Deutschland jeder f\u00fcnfte zwischen 65 und 74 Jahren betroffen ist.","breadcrumb":{"@id":"https:\/\/hoerakustik-lehmann.de\/cl\/herbstzeit-erkaeltungszeit\/#breadcrumb"},"inLanguage":"de","potentialAction":[{"@type":"ReadAction","target":["https:\/\/hoerakustik-lehmann.de\/cl\/herbstzeit-erkaeltungszeit\/"]}]},{"@type":"ImageObject","inLanguage":"de","@id":"https:\/\/hoerakustik-lehmann.de\/cl\/herbstzeit-erkaeltungszeit\/#primaryimage","url":"https:\/\/hoerakustik-lehmann.de\/cl\/wp-content\/uploads\/2023\/09\/pexels-yaroslav-shuraev-8088589-scaled.jpg","contentUrl":"https:\/\/hoerakustik-lehmann.de\/cl\/wp-content\/uploads\/2023\/09\/pexels-yaroslav-shuraev-8088589-scaled.jpg","width":2560,"height":1911},{"@type":"BreadcrumbList","@id":"https:\/\/hoerakustik-lehmann.de\/cl\/herbstzeit-erkaeltungszeit\/#breadcrumb","itemListElement":[{"@type":"ListItem","position":1,"name":"Startseite","item":"https:\/\/hoerakustik-lehmann.de\/cl\/"},{"@type":"ListItem","position":2,"name":"Herbstzeit \u2013 Erk\u00e4ltungszeit!"}]},{"@type":"WebSite","@id":"https:\/\/hoerakustik-lehmann.de\/cl\/#website","url":"https:\/\/hoerakustik-lehmann.de\/cl\/","name":"H\u00f6rger\u00e4te in Berlin - H\u00f6rakustik Lehmann","description":"H\u00f6r-Beratung, H\u00f6rger\u00e4te und Zubeh\u00f6r","publisher":{"@id":"https:\/\/hoerakustik-lehmann.de\/cl\/#organization"},"potentialAction":[{"@type":"SearchAction","target":{"@type":"EntryPoint","urlTemplate":"https:\/\/hoerakustik-lehmann.de\/cl\/?s={search_term_string}"},"query-input":{"@type":"PropertyValueSpecification","valueRequired":true,"valueName":"search_term_string"}}],"inLanguage":"de"},{"@type":["Organization","Place","LocalBusiness"],"@id":"https:\/\/hoerakustik-lehmann.de\/cl\/#organization","name":"H\u00f6rakustik Lehmann","url":"https:\/\/hoerakustik-lehmann.de\/cl\/","logo":{"@id":"https:\/\/hoerakustik-lehmann.de\/cl\/herbstzeit-erkaeltungszeit\/#local-main-organization-logo"},"image":{"@id":"https:\/\/hoerakustik-lehmann.de\/cl\/herbstzeit-erkaeltungszeit\/#local-main-organization-logo"},"address":{"@id":"https:\/\/hoerakustik-lehmann.de\/cl\/herbstzeit-erkaeltungszeit\/#local-main-place-address"},"telephone":["Tel. 030 \u2013 209 53 833"],"openingHoursSpecification":[{"@type":"OpeningHoursSpecification","dayOfWeek":["Monday","Tuesday","Wednesday","Thursday"],"opens":"09:00","closes":"18:00"},{"@type":"OpeningHoursSpecification","dayOfWeek":["Friday"],"opens":"09:00","closes":"13:00"},{"@type":"OpeningHoursSpecification","dayOfWeek":["Saturday","Sunday"],"opens":"00:00","closes":"00:00"}],"email":"info@hoerakustik-lehmann.de"},{"@type":"Person","@id":"https:\/\/hoerakustik-lehmann.de\/cl\/#\/schema\/person\/4d7b00780407818acdb20174f8352e58","name":"audima","image":{"@type":"ImageObject","inLanguage":"de","@id":"https:\/\/hoerakustik-lehmann.de\/cl\/#\/schema\/person\/image\/","url":"https:\/\/secure.gravatar.com\/avatar\/400b9c84a66ac56740f94e6b9cbf73ad?s=96&d=mm&r=g","contentUrl":"https:\/\/secure.gravatar.com\/avatar\/400b9c84a66ac56740f94e6b9cbf73ad?s=96&d=mm&r=g","caption":"audima"}},{"@type":"PostalAddress","@id":"https:\/\/hoerakustik-lehmann.de\/cl\/herbstzeit-erkaeltungszeit\/#local-main-place-address","streetAddress":"D\u00f6rpfeldstr. 36","addressLocality":"Berlin","postalCode":"12489","addressCountry":"DE"},{"@type":"ImageObject","inLanguage":"de","@id":"https:\/\/hoerakustik-lehmann.de\/cl\/herbstzeit-erkaeltungszeit\/#local-main-organization-logo","url":"https:\/\/hoerakustik-lehmann.de\/cl\/wp-content\/uploads\/2020\/02\/logo2.png","contentUrl":"https:\/\/hoerakustik-lehmann.de\/cl\/wp-content\/uploads\/2020\/02\/logo2.png","width":579,"height":181,"caption":"H\u00f6rakustik Lehmann"}]},"geo.placename":"Berlin","geo.region":"Deutschland"},"_links":{"self":[{"href":"https:\/\/hoerakustik-lehmann.de\/cl\/wp-json\/wp\/v2\/posts\/1116"}],"collection":[{"href":"https:\/\/hoerakustik-lehmann.de\/cl\/wp-json\/wp\/v2\/posts"}],"about":[{"href":"https:\/\/hoerakustik-lehmann.de\/cl\/wp-json\/wp\/v2\/types\/post"}],"author":[{"embeddable":true,"href":"https:\/\/hoerakustik-lehmann.de\/cl\/wp-json\/wp\/v2\/users\/1"}],"replies":[{"embeddable":true,"href":"https:\/\/hoerakustik-lehmann.de\/cl\/wp-json\/wp\/v2\/comments?post=1116"}],"version-history":[{"count":1,"href":"https:\/\/hoerakustik-lehmann.de\/cl\/wp-json\/wp\/v2\/posts\/1116\/revisions"}],"predecessor-version":[{"id":1117,"href":"https:\/\/hoerakustik-lehmann.de\/cl\/wp-json\/wp\/v2\/posts\/1116\/revisions\/1117"}],"wp:featuredmedia":[{"embeddable":true,"href":"https:\/\/hoerakustik-lehmann.de\/cl\/wp-json\/wp\/v2\/media\/1119"}],"wp:attachment":[{"href":"https:\/\/hoerakustik-lehmann.de\/cl\/wp-json\/wp\/v2\/media?parent=1116"}],"wp:term":[{"taxonomy":"category","embeddable":true,"href":"https:\/\/hoerakustik-lehmann.de\/cl\/wp-json\/wp\/v2\/categories?post=1116"},{"taxonomy":"post_tag","embeddable":true,"href":"https:\/\/hoerakustik-lehmann.de\/cl\/wp-json\/wp\/v2\/tags?post=1116"}],"curies":[{"name":"wp","href":"https:\/\/api.w.org\/{rel}","templated":true}]}}