{"id":1091,"date":"2023-08-11T14:04:06","date_gmt":"2023-08-11T12:04:06","guid":{"rendered":"https:\/\/hoerakustik-lehmann.de\/cl\/?p=1091"},"modified":"2023-08-11T14:06:32","modified_gmt":"2023-08-11T12:06:32","slug":"dezibel-das-mass-der-lautstaerke-und-der-klangwelt","status":"publish","type":"post","link":"https:\/\/hoerakustik-lehmann.de\/cl\/dezibel-das-mass-der-lautstaerke-und-der-klangwelt\/","title":{"rendered":"Dezibel: Das Ma\u00df der Lautst\u00e4rke und der Klangwelt"},"content":{"rendered":"<article id=\"post-2403\" class=\"clearfix post-2403 post type-post status-publish format-standard has-post-thumbnail hentry category-allgemein tag-hoersystem-2023 tag-hoersystem-dresden\">\n<div class=\"article-content\">\n<p><strong>Dein Wegweiser zu einem ausgewogenen H\u00f6rerlebnis!<\/strong><\/p>\n<p>Lautst\u00e4rke ist nicht nur L\u00e4rm \u2013 sie ist Musik, Kommunikation und Leben. Hier kommt Dezibel ins Spiel, die geheime Sprache der Lautst\u00e4rke.<\/p>\n<p>Dezibel ist nicht nur eine Zahl, sondern der Schl\u00fcssel zum Verst\u00e4ndnis von Klang. Es ist keine gew\u00f6hnliche Ma\u00dfeinheit wie Meter oder Sekunde \u2013 es ist die Kunst, Intensit\u00e4t zu messen.<\/p>\n<p><strong>Ein Tipp:<\/strong> Dezibel ist keine lineare Skala. Ein kleiner Anstieg bedeutet nicht nur ein bisschen mehr Lautst\u00e4rke. Es ist so, dass eine logarithmische Formel dahintersteckt, die uns zeigt wie wir Kl\u00e4nge wirklich wahrnehmen.<\/p>\n<p>Sch\u00fctzen Sie Ihr Geh\u00f6r! Ab 80 dB kann L\u00e4rm sch\u00e4dlich sein, bei 130 dB ist die Schmerzgrenze erreicht, das entspricht in etwa einem D\u00fcsenflugzeut oder einer Silvesterraket. Sch\u00fctzen Sie Ihr Geh\u00f6r mit professionellem Geh\u00f6rschutz. Sollte schon eine H\u00f6rminderung bestehen, k\u00f6nnen H\u00f6rsysteme helfen, das H\u00f6rerlebnis neu zu definieren.<\/p>\n<p>&nbsp;<\/p>\n<p>Wir sind f\u00fcr Sie da und beraten Sie gerne!<\/p>\n<\/div>\n<\/article>\n<section class=\"main-color container-wrap social-share-wrap\">\n<div class=\"container\">\n<div class=\"share-links\">\n<div class=\"hr-title hr-long\"><\/div>\n<\/div>\n<\/div>\n<\/section>\n<p>&nbsp;<\/p>\n","protected":false},"excerpt":{"rendered":"<p>Dein Wegweiser zu einem ausgewogenen H\u00f6rerlebnis! Lautst\u00e4rke ist nicht nur L\u00e4rm \u2013 sie ist Musik, Kommunikation und Leben. Hier kommt Dezibel ins Spiel, die geheime Sprache der Lautst\u00e4rke. Dezibel ist nicht nur eine Zahl, sondern der Schl\u00fcssel zum Verst\u00e4ndnis von Klang. Es ist keine gew\u00f6hnliche Ma\u00dfeinheit wie Meter oder Sekunde \u2013 es ist die Kunst, [&hellip;]<\/p>\n","protected":false},"author":1,"featured_media":1093,"comment_status":"closed","ping_status":"closed","sticky":false,"template":"","format":"standard","meta":{"_mi_skip_tracking":false,"_monsterinsights_sitenote_active":false,"_monsterinsights_sitenote_note":"","_monsterinsights_sitenote_category":0,"footnotes":""},"categories":[3],"tags":[37,32,28,38,36],"class_list":["post-1091","post","type-post","status-publish","format-standard","has-post-thumbnail","hentry","category-hoerakustik","tag-hoerakustiker","tag-hoergeraet-kaufen","tag-hoergeraete-check-berlin","tag-hoersystem","tag-hoerverlust"],"yoast_head":"<!-- This site is optimized with the Yoast SEO plugin v25.3.1 - https:\/\/yoast.com\/wordpress\/plugins\/seo\/ -->\n<title>Dezibel: Das Ma\u00df der Lautst\u00e4rke und der Klangwelt - H\u00f6rger\u00e4te in Berlin - H\u00f6rakustik Lehmann<\/title>\n<meta name=\"description\" content=\"Ab dem 50. Lebensjahr tritt vermehrt eine H\u00f6rminderung namens Altersschwerh\u00f6rigkeit (Presbyakusis) auf, von der in Deutschland jeder f\u00fcnfte zwischen 65 und 74 Jahren betroffen ist.\" \/>\n<meta name=\"robots\" content=\"index, follow, max-snippet:-1, max-image-preview:large, max-video-preview:-1\" \/>\n<link rel=\"canonical\" href=\"https:\/\/hoerakustik-lehmann.de\/cl\/dezibel-das-mass-der-lautstaerke-und-der-klangwelt\/\" \/>\n<meta property=\"og:locale\" content=\"de_DE\" \/>\n<meta property=\"og:type\" content=\"article\" \/>\n<meta property=\"og:title\" content=\"Dezibel: Das Ma\u00df der Lautst\u00e4rke und der Klangwelt - H\u00f6rger\u00e4te in Berlin - H\u00f6rakustik Lehmann\" \/>\n<meta property=\"og:description\" content=\"Ab dem 50. Lebensjahr tritt vermehrt eine H\u00f6rminderung namens Altersschwerh\u00f6rigkeit (Presbyakusis) auf, von der in Deutschland jeder f\u00fcnfte zwischen 65 und 74 Jahren betroffen ist.\" \/>\n<meta property=\"og:url\" content=\"https:\/\/hoerakustik-lehmann.de\/cl\/dezibel-das-mass-der-lautstaerke-und-der-klangwelt\/\" \/>\n<meta property=\"og:site_name\" content=\"H\u00f6rger\u00e4te in Berlin - H\u00f6rakustik Lehmann\" \/>\n<meta property=\"article:published_time\" content=\"2023-08-11T12:04:06+00:00\" \/>\n<meta property=\"article:modified_time\" content=\"2023-08-11T12:06:32+00:00\" \/>\n<meta property=\"og:image\" content=\"https:\/\/hoerakustik-lehmann.de\/cl\/wp-content\/uploads\/2023\/08\/andy-makely-p6hu3gx8824-unsplash-scaled.jpg\" \/>\n\t<meta property=\"og:image:width\" content=\"2560\" \/>\n\t<meta property=\"og:image:height\" content=\"1707\" \/>\n\t<meta property=\"og:image:type\" content=\"image\/jpeg\" \/>\n<meta name=\"author\" content=\"audima\" \/>\n<meta name=\"twitter:card\" content=\"summary_large_image\" \/>\n<meta name=\"twitter:label1\" content=\"Verfasst von\" \/>\n\t<meta name=\"twitter:data1\" content=\"audima\" \/>\n\t<meta name=\"twitter:label2\" content=\"Gesch\u00e4tzte Lesezeit\" \/>\n\t<meta name=\"twitter:data2\" content=\"1\u00a0Minute\" \/>\n<script type=\"application\/ld+json\" class=\"yoast-schema-graph\">{\"@context\":\"https:\/\/schema.org\",\"@graph\":[{\"@type\":\"NewsArticle\",\"@id\":\"https:\/\/hoerakustik-lehmann.de\/cl\/dezibel-das-mass-der-lautstaerke-und-der-klangwelt\/#article\",\"isPartOf\":{\"@id\":\"https:\/\/hoerakustik-lehmann.de\/cl\/dezibel-das-mass-der-lautstaerke-und-der-klangwelt\/\"},\"author\":{\"name\":\"audima\",\"@id\":\"https:\/\/hoerakustik-lehmann.de\/cl\/#\/schema\/person\/4d7b00780407818acdb20174f8352e58\"},\"headline\":\"Dezibel: Das Ma\u00df der Lautst\u00e4rke und der Klangwelt\",\"datePublished\":\"2023-08-11T12:04:06+00:00\",\"dateModified\":\"2023-08-11T12:06:32+00:00\",\"mainEntityOfPage\":{\"@id\":\"https:\/\/hoerakustik-lehmann.de\/cl\/dezibel-das-mass-der-lautstaerke-und-der-klangwelt\/\"},\"wordCount\":178,\"publisher\":{\"@id\":\"https:\/\/hoerakustik-lehmann.de\/cl\/#organization\"},\"image\":{\"@id\":\"https:\/\/hoerakustik-lehmann.de\/cl\/dezibel-das-mass-der-lautstaerke-und-der-klangwelt\/#primaryimage\"},\"thumbnailUrl\":\"https:\/\/hoerakustik-lehmann.de\/cl\/wp-content\/uploads\/2023\/08\/andy-makely-p6hu3gx8824-unsplash-scaled.jpg\",\"keywords\":[\"H\u00f6rakustiker\",\"H\u00f6rger\u00e4t kaufen\",\"H\u00f6rger\u00e4te Check Berlin\",\"H\u00f6rsystem\",\"H\u00f6rverlust\"],\"articleSection\":[\"H\u00f6rakustik\"],\"inLanguage\":\"de\"},{\"@type\":[\"WebPage\",\"MedicalWebPage\"],\"@id\":\"https:\/\/hoerakustik-lehmann.de\/cl\/dezibel-das-mass-der-lautstaerke-und-der-klangwelt\/\",\"url\":\"https:\/\/hoerakustik-lehmann.de\/cl\/dezibel-das-mass-der-lautstaerke-und-der-klangwelt\/\",\"name\":\"Dezibel: Das Ma\u00df der Lautst\u00e4rke und der Klangwelt - H\u00f6rger\u00e4te in Berlin - H\u00f6rakustik Lehmann\",\"isPartOf\":{\"@id\":\"https:\/\/hoerakustik-lehmann.de\/cl\/#website\"},\"primaryImageOfPage\":{\"@id\":\"https:\/\/hoerakustik-lehmann.de\/cl\/dezibel-das-mass-der-lautstaerke-und-der-klangwelt\/#primaryimage\"},\"image\":{\"@id\":\"https:\/\/hoerakustik-lehmann.de\/cl\/dezibel-das-mass-der-lautstaerke-und-der-klangwelt\/#primaryimage\"},\"thumbnailUrl\":\"https:\/\/hoerakustik-lehmann.de\/cl\/wp-content\/uploads\/2023\/08\/andy-makely-p6hu3gx8824-unsplash-scaled.jpg\",\"datePublished\":\"2023-08-11T12:04:06+00:00\",\"dateModified\":\"2023-08-11T12:06:32+00:00\",\"description\":\"Ab dem 50. Lebensjahr tritt vermehrt eine H\u00f6rminderung namens Altersschwerh\u00f6rigkeit (Presbyakusis) auf, von der in Deutschland jeder f\u00fcnfte zwischen 65 und 74 Jahren betroffen ist.\",\"breadcrumb\":{\"@id\":\"https:\/\/hoerakustik-lehmann.de\/cl\/dezibel-das-mass-der-lautstaerke-und-der-klangwelt\/#breadcrumb\"},\"inLanguage\":\"de\",\"potentialAction\":[{\"@type\":\"ReadAction\",\"target\":[\"https:\/\/hoerakustik-lehmann.de\/cl\/dezibel-das-mass-der-lautstaerke-und-der-klangwelt\/\"]}]},{\"@type\":\"ImageObject\",\"inLanguage\":\"de\",\"@id\":\"https:\/\/hoerakustik-lehmann.de\/cl\/dezibel-das-mass-der-lautstaerke-und-der-klangwelt\/#primaryimage\",\"url\":\"https:\/\/hoerakustik-lehmann.de\/cl\/wp-content\/uploads\/2023\/08\/andy-makely-p6hu3gx8824-unsplash-scaled.jpg\",\"contentUrl\":\"https:\/\/hoerakustik-lehmann.de\/cl\/wp-content\/uploads\/2023\/08\/andy-makely-p6hu3gx8824-unsplash-scaled.jpg\",\"width\":2560,\"height\":1707},{\"@type\":\"BreadcrumbList\",\"@id\":\"https:\/\/hoerakustik-lehmann.de\/cl\/dezibel-das-mass-der-lautstaerke-und-der-klangwelt\/#breadcrumb\",\"itemListElement\":[{\"@type\":\"ListItem\",\"position\":1,\"name\":\"Startseite\",\"item\":\"https:\/\/hoerakustik-lehmann.de\/cl\/\"},{\"@type\":\"ListItem\",\"position\":2,\"name\":\"Dezibel: Das Ma\u00df der Lautst\u00e4rke und der Klangwelt\"}]},{\"@type\":\"WebSite\",\"@id\":\"https:\/\/hoerakustik-lehmann.de\/cl\/#website\",\"url\":\"https:\/\/hoerakustik-lehmann.de\/cl\/\",\"name\":\"H\u00f6rger\u00e4te in Berlin - H\u00f6rakustik Lehmann\",\"description\":\"H\u00f6r-Beratung, H\u00f6rger\u00e4te und Zubeh\u00f6r\",\"publisher\":{\"@id\":\"https:\/\/hoerakustik-lehmann.de\/cl\/#organization\"},\"potentialAction\":[{\"@type\":\"SearchAction\",\"target\":{\"@type\":\"EntryPoint\",\"urlTemplate\":\"https:\/\/hoerakustik-lehmann.de\/cl\/?s={search_term_string}\"},\"query-input\":{\"@type\":\"PropertyValueSpecification\",\"valueRequired\":true,\"valueName\":\"search_term_string\"}}],\"inLanguage\":\"de\"},{\"@type\":[\"Organization\",\"Place\",\"LocalBusiness\"],\"@id\":\"https:\/\/hoerakustik-lehmann.de\/cl\/#organization\",\"name\":\"H\u00f6rakustik Lehmann\",\"url\":\"https:\/\/hoerakustik-lehmann.de\/cl\/\",\"logo\":{\"@id\":\"https:\/\/hoerakustik-lehmann.de\/cl\/dezibel-das-mass-der-lautstaerke-und-der-klangwelt\/#local-main-organization-logo\"},\"image\":{\"@id\":\"https:\/\/hoerakustik-lehmann.de\/cl\/dezibel-das-mass-der-lautstaerke-und-der-klangwelt\/#local-main-organization-logo\"},\"address\":{\"@id\":\"https:\/\/hoerakustik-lehmann.de\/cl\/dezibel-das-mass-der-lautstaerke-und-der-klangwelt\/#local-main-place-address\"},\"telephone\":[\"Tel. 030 \u2013 209 53 833\"],\"openingHoursSpecification\":[{\"@type\":\"OpeningHoursSpecification\",\"dayOfWeek\":[\"Monday\",\"Tuesday\",\"Wednesday\",\"Thursday\"],\"opens\":\"09:00\",\"closes\":\"18:00\"},{\"@type\":\"OpeningHoursSpecification\",\"dayOfWeek\":[\"Friday\"],\"opens\":\"09:00\",\"closes\":\"13:00\"},{\"@type\":\"OpeningHoursSpecification\",\"dayOfWeek\":[\"Saturday\",\"Sunday\"],\"opens\":\"00:00\",\"closes\":\"00:00\"}],\"email\":\"info@hoerakustik-lehmann.de\"},{\"@type\":\"Person\",\"@id\":\"https:\/\/hoerakustik-lehmann.de\/cl\/#\/schema\/person\/4d7b00780407818acdb20174f8352e58\",\"name\":\"audima\",\"image\":{\"@type\":\"ImageObject\",\"inLanguage\":\"de\",\"@id\":\"https:\/\/hoerakustik-lehmann.de\/cl\/#\/schema\/person\/image\/\",\"url\":\"https:\/\/secure.gravatar.com\/avatar\/400b9c84a66ac56740f94e6b9cbf73ad?s=96&d=mm&r=g\",\"contentUrl\":\"https:\/\/secure.gravatar.com\/avatar\/400b9c84a66ac56740f94e6b9cbf73ad?s=96&d=mm&r=g\",\"caption\":\"audima\"}},{\"@type\":\"PostalAddress\",\"@id\":\"https:\/\/hoerakustik-lehmann.de\/cl\/dezibel-das-mass-der-lautstaerke-und-der-klangwelt\/#local-main-place-address\",\"streetAddress\":\"D\u00f6rpfeldstr. 36\",\"addressLocality\":\"Berlin\",\"postalCode\":\"12489\",\"addressCountry\":\"DE\"},{\"@type\":\"ImageObject\",\"inLanguage\":\"de\",\"@id\":\"https:\/\/hoerakustik-lehmann.de\/cl\/dezibel-das-mass-der-lautstaerke-und-der-klangwelt\/#local-main-organization-logo\",\"url\":\"https:\/\/hoerakustik-lehmann.de\/cl\/wp-content\/uploads\/2020\/02\/logo2.png\",\"contentUrl\":\"https:\/\/hoerakustik-lehmann.de\/cl\/wp-content\/uploads\/2020\/02\/logo2.png\",\"width\":579,\"height\":181,\"caption\":\"H\u00f6rakustik Lehmann\"}]}<\/script>\n<meta name=\"geo.placename\" content=\"Berlin\" \/>\n<meta name=\"geo.region\" content=\"Deutschland\" \/>\n<!-- \/ Yoast SEO plugin. -->","yoast_head_json":{"title":"Dezibel: Das Ma\u00df der Lautst\u00e4rke und der Klangwelt - H\u00f6rger\u00e4te in Berlin - H\u00f6rakustik Lehmann","description":"Ab dem 50. Lebensjahr tritt vermehrt eine H\u00f6rminderung namens Altersschwerh\u00f6rigkeit (Presbyakusis) auf, von der in Deutschland jeder f\u00fcnfte zwischen 65 und 74 Jahren betroffen ist.","robots":{"index":"index","follow":"follow","max-snippet":"max-snippet:-1","max-image-preview":"max-image-preview:large","max-video-preview":"max-video-preview:-1"},"canonical":"https:\/\/hoerakustik-lehmann.de\/cl\/dezibel-das-mass-der-lautstaerke-und-der-klangwelt\/","og_locale":"de_DE","og_type":"article","og_title":"Dezibel: Das Ma\u00df der Lautst\u00e4rke und der Klangwelt - H\u00f6rger\u00e4te in Berlin - H\u00f6rakustik Lehmann","og_description":"Ab dem 50. Lebensjahr tritt vermehrt eine H\u00f6rminderung namens Altersschwerh\u00f6rigkeit (Presbyakusis) auf, von der in Deutschland jeder f\u00fcnfte zwischen 65 und 74 Jahren betroffen ist.","og_url":"https:\/\/hoerakustik-lehmann.de\/cl\/dezibel-das-mass-der-lautstaerke-und-der-klangwelt\/","og_site_name":"H\u00f6rger\u00e4te in Berlin - H\u00f6rakustik Lehmann","article_published_time":"2023-08-11T12:04:06+00:00","article_modified_time":"2023-08-11T12:06:32+00:00","og_image":[{"width":2560,"height":1707,"url":"https:\/\/hoerakustik-lehmann.de\/cl\/wp-content\/uploads\/2023\/08\/andy-makely-p6hu3gx8824-unsplash-scaled.jpg","type":"image\/jpeg"}],"author":"audima","twitter_card":"summary_large_image","twitter_misc":{"Verfasst von":"audima","Gesch\u00e4tzte Lesezeit":"1\u00a0Minute"},"schema":{"@context":"https:\/\/schema.org","@graph":[{"@type":"NewsArticle","@id":"https:\/\/hoerakustik-lehmann.de\/cl\/dezibel-das-mass-der-lautstaerke-und-der-klangwelt\/#article","isPartOf":{"@id":"https:\/\/hoerakustik-lehmann.de\/cl\/dezibel-das-mass-der-lautstaerke-und-der-klangwelt\/"},"author":{"name":"audima","@id":"https:\/\/hoerakustik-lehmann.de\/cl\/#\/schema\/person\/4d7b00780407818acdb20174f8352e58"},"headline":"Dezibel: Das Ma\u00df der Lautst\u00e4rke und der Klangwelt","datePublished":"2023-08-11T12:04:06+00:00","dateModified":"2023-08-11T12:06:32+00:00","mainEntityOfPage":{"@id":"https:\/\/hoerakustik-lehmann.de\/cl\/dezibel-das-mass-der-lautstaerke-und-der-klangwelt\/"},"wordCount":178,"publisher":{"@id":"https:\/\/hoerakustik-lehmann.de\/cl\/#organization"},"image":{"@id":"https:\/\/hoerakustik-lehmann.de\/cl\/dezibel-das-mass-der-lautstaerke-und-der-klangwelt\/#primaryimage"},"thumbnailUrl":"https:\/\/hoerakustik-lehmann.de\/cl\/wp-content\/uploads\/2023\/08\/andy-makely-p6hu3gx8824-unsplash-scaled.jpg","keywords":["H\u00f6rakustiker","H\u00f6rger\u00e4t kaufen","H\u00f6rger\u00e4te Check Berlin","H\u00f6rsystem","H\u00f6rverlust"],"articleSection":["H\u00f6rakustik"],"inLanguage":"de"},{"@type":["WebPage","MedicalWebPage"],"@id":"https:\/\/hoerakustik-lehmann.de\/cl\/dezibel-das-mass-der-lautstaerke-und-der-klangwelt\/","url":"https:\/\/hoerakustik-lehmann.de\/cl\/dezibel-das-mass-der-lautstaerke-und-der-klangwelt\/","name":"Dezibel: Das Ma\u00df der Lautst\u00e4rke und der Klangwelt - H\u00f6rger\u00e4te in Berlin - H\u00f6rakustik Lehmann","isPartOf":{"@id":"https:\/\/hoerakustik-lehmann.de\/cl\/#website"},"primaryImageOfPage":{"@id":"https:\/\/hoerakustik-lehmann.de\/cl\/dezibel-das-mass-der-lautstaerke-und-der-klangwelt\/#primaryimage"},"image":{"@id":"https:\/\/hoerakustik-lehmann.de\/cl\/dezibel-das-mass-der-lautstaerke-und-der-klangwelt\/#primaryimage"},"thumbnailUrl":"https:\/\/hoerakustik-lehmann.de\/cl\/wp-content\/uploads\/2023\/08\/andy-makely-p6hu3gx8824-unsplash-scaled.jpg","datePublished":"2023-08-11T12:04:06+00:00","dateModified":"2023-08-11T12:06:32+00:00","description":"Ab dem 50. Lebensjahr tritt vermehrt eine H\u00f6rminderung namens Altersschwerh\u00f6rigkeit (Presbyakusis) auf, von der in Deutschland jeder f\u00fcnfte zwischen 65 und 74 Jahren betroffen ist.","breadcrumb":{"@id":"https:\/\/hoerakustik-lehmann.de\/cl\/dezibel-das-mass-der-lautstaerke-und-der-klangwelt\/#breadcrumb"},"inLanguage":"de","potentialAction":[{"@type":"ReadAction","target":["https:\/\/hoerakustik-lehmann.de\/cl\/dezibel-das-mass-der-lautstaerke-und-der-klangwelt\/"]}]},{"@type":"ImageObject","inLanguage":"de","@id":"https:\/\/hoerakustik-lehmann.de\/cl\/dezibel-das-mass-der-lautstaerke-und-der-klangwelt\/#primaryimage","url":"https:\/\/hoerakustik-lehmann.de\/cl\/wp-content\/uploads\/2023\/08\/andy-makely-p6hu3gx8824-unsplash-scaled.jpg","contentUrl":"https:\/\/hoerakustik-lehmann.de\/cl\/wp-content\/uploads\/2023\/08\/andy-makely-p6hu3gx8824-unsplash-scaled.jpg","width":2560,"height":1707},{"@type":"BreadcrumbList","@id":"https:\/\/hoerakustik-lehmann.de\/cl\/dezibel-das-mass-der-lautstaerke-und-der-klangwelt\/#breadcrumb","itemListElement":[{"@type":"ListItem","position":1,"name":"Startseite","item":"https:\/\/hoerakustik-lehmann.de\/cl\/"},{"@type":"ListItem","position":2,"name":"Dezibel: Das Ma\u00df der Lautst\u00e4rke und der Klangwelt"}]},{"@type":"WebSite","@id":"https:\/\/hoerakustik-lehmann.de\/cl\/#website","url":"https:\/\/hoerakustik-lehmann.de\/cl\/","name":"H\u00f6rger\u00e4te in Berlin - H\u00f6rakustik Lehmann","description":"H\u00f6r-Beratung, H\u00f6rger\u00e4te und Zubeh\u00f6r","publisher":{"@id":"https:\/\/hoerakustik-lehmann.de\/cl\/#organization"},"potentialAction":[{"@type":"SearchAction","target":{"@type":"EntryPoint","urlTemplate":"https:\/\/hoerakustik-lehmann.de\/cl\/?s={search_term_string}"},"query-input":{"@type":"PropertyValueSpecification","valueRequired":true,"valueName":"search_term_string"}}],"inLanguage":"de"},{"@type":["Organization","Place","LocalBusiness"],"@id":"https:\/\/hoerakustik-lehmann.de\/cl\/#organization","name":"H\u00f6rakustik Lehmann","url":"https:\/\/hoerakustik-lehmann.de\/cl\/","logo":{"@id":"https:\/\/hoerakustik-lehmann.de\/cl\/dezibel-das-mass-der-lautstaerke-und-der-klangwelt\/#local-main-organization-logo"},"image":{"@id":"https:\/\/hoerakustik-lehmann.de\/cl\/dezibel-das-mass-der-lautstaerke-und-der-klangwelt\/#local-main-organization-logo"},"address":{"@id":"https:\/\/hoerakustik-lehmann.de\/cl\/dezibel-das-mass-der-lautstaerke-und-der-klangwelt\/#local-main-place-address"},"telephone":["Tel. 030 \u2013 209 53 833"],"openingHoursSpecification":[{"@type":"OpeningHoursSpecification","dayOfWeek":["Monday","Tuesday","Wednesday","Thursday"],"opens":"09:00","closes":"18:00"},{"@type":"OpeningHoursSpecification","dayOfWeek":["Friday"],"opens":"09:00","closes":"13:00"},{"@type":"OpeningHoursSpecification","dayOfWeek":["Saturday","Sunday"],"opens":"00:00","closes":"00:00"}],"email":"info@hoerakustik-lehmann.de"},{"@type":"Person","@id":"https:\/\/hoerakustik-lehmann.de\/cl\/#\/schema\/person\/4d7b00780407818acdb20174f8352e58","name":"audima","image":{"@type":"ImageObject","inLanguage":"de","@id":"https:\/\/hoerakustik-lehmann.de\/cl\/#\/schema\/person\/image\/","url":"https:\/\/secure.gravatar.com\/avatar\/400b9c84a66ac56740f94e6b9cbf73ad?s=96&d=mm&r=g","contentUrl":"https:\/\/secure.gravatar.com\/avatar\/400b9c84a66ac56740f94e6b9cbf73ad?s=96&d=mm&r=g","caption":"audima"}},{"@type":"PostalAddress","@id":"https:\/\/hoerakustik-lehmann.de\/cl\/dezibel-das-mass-der-lautstaerke-und-der-klangwelt\/#local-main-place-address","streetAddress":"D\u00f6rpfeldstr. 36","addressLocality":"Berlin","postalCode":"12489","addressCountry":"DE"},{"@type":"ImageObject","inLanguage":"de","@id":"https:\/\/hoerakustik-lehmann.de\/cl\/dezibel-das-mass-der-lautstaerke-und-der-klangwelt\/#local-main-organization-logo","url":"https:\/\/hoerakustik-lehmann.de\/cl\/wp-content\/uploads\/2020\/02\/logo2.png","contentUrl":"https:\/\/hoerakustik-lehmann.de\/cl\/wp-content\/uploads\/2020\/02\/logo2.png","width":579,"height":181,"caption":"H\u00f6rakustik Lehmann"}]},"geo.placename":"Berlin","geo.region":"Deutschland"},"_links":{"self":[{"href":"https:\/\/hoerakustik-lehmann.de\/cl\/wp-json\/wp\/v2\/posts\/1091"}],"collection":[{"href":"https:\/\/hoerakustik-lehmann.de\/cl\/wp-json\/wp\/v2\/posts"}],"about":[{"href":"https:\/\/hoerakustik-lehmann.de\/cl\/wp-json\/wp\/v2\/types\/post"}],"author":[{"embeddable":true,"href":"https:\/\/hoerakustik-lehmann.de\/cl\/wp-json\/wp\/v2\/users\/1"}],"replies":[{"embeddable":true,"href":"https:\/\/hoerakustik-lehmann.de\/cl\/wp-json\/wp\/v2\/comments?post=1091"}],"version-history":[{"count":1,"href":"https:\/\/hoerakustik-lehmann.de\/cl\/wp-json\/wp\/v2\/posts\/1091\/revisions"}],"predecessor-version":[{"id":1092,"href":"https:\/\/hoerakustik-lehmann.de\/cl\/wp-json\/wp\/v2\/posts\/1091\/revisions\/1092"}],"wp:featuredmedia":[{"embeddable":true,"href":"https:\/\/hoerakustik-lehmann.de\/cl\/wp-json\/wp\/v2\/media\/1093"}],"wp:attachment":[{"href":"https:\/\/hoerakustik-lehmann.de\/cl\/wp-json\/wp\/v2\/media?parent=1091"}],"wp:term":[{"taxonomy":"category","embeddable":true,"href":"https:\/\/hoerakustik-lehmann.de\/cl\/wp-json\/wp\/v2\/categories?post=1091"},{"taxonomy":"post_tag","embeddable":true,"href":"https:\/\/hoerakustik-lehmann.de\/cl\/wp-json\/wp\/v2\/tags?post=1091"}],"curies":[{"name":"wp","href":"https:\/\/api.w.org\/{rel}","templated":true}]}}