{"id":1019,"date":"2023-05-16T13:44:55","date_gmt":"2023-05-16T11:44:55","guid":{"rendered":"https:\/\/hoerakustik-lehmann.de\/cl\/?p=1019"},"modified":"2023-05-16T13:47:33","modified_gmt":"2023-05-16T11:47:33","slug":"wir-testen-ihr-gehoer-testen-sie-uns","status":"publish","type":"post","link":"https:\/\/hoerakustik-lehmann.de\/cl\/wir-testen-ihr-gehoer-testen-sie-uns\/","title":{"rendered":"Wir testen Ihr Geh\u00f6r \u2013 testen Sie uns!"},"content":{"rendered":"<p>Unser Geh\u00f6r ist eines unserer wichtigsten Sinnesorgane. Es hilft uns, mit anderen zu kommunizieren, Musik zu genie\u00dfen und warnt uns vor Gefahren. Doch leider nehmen viele Menschen ihr Geh\u00f6r als selbstverst\u00e4ndlich hin und bemerken erst zu sp\u00e4t, dass sie schlechter h\u00f6ren als fr\u00fcher.<\/p>\n<p>Als erfahrene H\u00f6rakustiker m\u00f6chten wir Ihnen helfen, Ihr <strong>H\u00f6rverm\u00f6gen zu verbessern<\/strong>. Dazu bieten wir Ihnen einen kostenlosen H\u00f6rtest an. Bei diesem Test pr\u00fcfen wir, ob eine H\u00f6rminderung besteht und finden in diesem Fall die optimale H\u00f6rl\u00f6sung f\u00fcr Ihre Bed\u00fcrfnisse und Ihren Geldbeutel.<\/p>\n<p>Unser Team besteht aus qualifizierten H\u00f6rakustikern, die immer auf dem neuesten Stand der Entwicklungen in der Branche sind. Wir verwenden modernste Technologie, um genaue Messungen durchzuf\u00fchren und Ihnen eine individuelle Beratung zu bieten. So k\u00f6nnen wir sicherstellen, dass Sie die bestm\u00f6gliche H\u00f6rl\u00f6sung erhalten.<\/p>\n<p>Unser Service geht jedoch weit \u00fcber den H\u00f6rtest hinaus. Wir begleiten Sie auf Ihrem Weg zu besserem H\u00f6ren und bieten Ihnen eine umfassende Nachbetreuung. Denn wir m\u00f6chten, dass Sie nicht nur jetzt, sondern auch in Zukunft zufrieden sind.<\/p>\n<p><strong>Vereinbaren Sie noch heute einen Termin f\u00fcr Ihren kostenlosen H\u00f6rtest<\/strong> und \u00fcberzeugen Sie sich selbst von unserem Service. Wir freuen uns darauf, Sie kennenzulernen und Ihnen zu helfen, Ihr H\u00f6rverm\u00f6gen zu verbessern.<\/p>\n<p>&nbsp;<\/p>\n<p>&nbsp;<\/p>\n<p>&nbsp;<\/p>\n<p>Bild: unsplash<\/p>\n","protected":false},"excerpt":{"rendered":"<p>Unser Geh\u00f6r ist eines unserer wichtigsten Sinnesorgane. Es hilft uns, mit anderen zu kommunizieren, Musik zu genie\u00dfen und warnt uns vor Gefahren. Doch leider nehmen viele Menschen ihr Geh\u00f6r als selbstverst\u00e4ndlich hin und bemerken erst zu sp\u00e4t, dass sie schlechter h\u00f6ren als fr\u00fcher. Als erfahrene H\u00f6rakustiker m\u00f6chten wir Ihnen helfen, Ihr H\u00f6rverm\u00f6gen zu verbessern. Dazu [&hellip;]<\/p>\n","protected":false},"author":1,"featured_media":1020,"comment_status":"open","ping_status":"open","sticky":false,"template":"","format":"standard","meta":{"_mi_skip_tracking":false,"_monsterinsights_sitenote_active":false,"_monsterinsights_sitenote_note":"","_monsterinsights_sitenote_category":0,"footnotes":""},"categories":[3],"tags":[37,32,28,38,36,40,39],"class_list":["post-1019","post","type-post","status-publish","format-standard","has-post-thumbnail","hentry","category-hoerakustik","tag-hoerakustiker","tag-hoergeraet-kaufen","tag-hoergeraete-check-berlin","tag-hoersystem","tag-hoerverlust","tag-schlecht-hoeren-im-alter","tag-schwerhoerigkeit"],"yoast_head":"<!-- This site is optimized with the Yoast SEO plugin v25.3.1 - https:\/\/yoast.com\/wordpress\/plugins\/seo\/ -->\n<title>Wir testen Ihr Geh\u00f6r \u2013 testen Sie uns! - H\u00f6rger\u00e4te in Berlin - H\u00f6rakustik Lehmann<\/title>\n<meta name=\"description\" content=\"Ab dem 50. Lebensjahr tritt vermehrt eine H\u00f6rminderung namens Altersschwerh\u00f6rigkeit (Presbyakusis) auf, von der in Deutschland jeder f\u00fcnfte zwischen 65 und 74 Jahren betroffen ist.\" \/>\n<meta name=\"robots\" content=\"index, follow, max-snippet:-1, max-image-preview:large, max-video-preview:-1\" \/>\n<link rel=\"canonical\" href=\"https:\/\/hoerakustik-lehmann.de\/cl\/wir-testen-ihr-gehoer-testen-sie-uns\/\" \/>\n<meta property=\"og:locale\" content=\"de_DE\" \/>\n<meta property=\"og:type\" content=\"article\" \/>\n<meta property=\"og:title\" content=\"Wir testen Ihr Geh\u00f6r \u2013 testen Sie uns! - H\u00f6rger\u00e4te in Berlin - H\u00f6rakustik Lehmann\" \/>\n<meta property=\"og:description\" content=\"Ab dem 50. Lebensjahr tritt vermehrt eine H\u00f6rminderung namens Altersschwerh\u00f6rigkeit (Presbyakusis) auf, von der in Deutschland jeder f\u00fcnfte zwischen 65 und 74 Jahren betroffen ist.\" \/>\n<meta property=\"og:url\" content=\"https:\/\/hoerakustik-lehmann.de\/cl\/wir-testen-ihr-gehoer-testen-sie-uns\/\" \/>\n<meta property=\"og:site_name\" content=\"H\u00f6rger\u00e4te in Berlin - H\u00f6rakustik Lehmann\" \/>\n<meta property=\"article:published_time\" content=\"2023-05-16T11:44:55+00:00\" \/>\n<meta property=\"article:modified_time\" content=\"2023-05-16T11:47:33+00:00\" \/>\n<meta property=\"og:image\" content=\"https:\/\/hoerakustik-lehmann.de\/cl\/wp-content\/uploads\/2023\/05\/pexels-yaroslav-shuraev-8918228.jpg\" \/>\n\t<meta property=\"og:image:width\" content=\"1500\" \/>\n\t<meta property=\"og:image:height\" content=\"1000\" \/>\n\t<meta property=\"og:image:type\" content=\"image\/jpeg\" \/>\n<meta name=\"author\" content=\"audima\" \/>\n<meta name=\"twitter:card\" content=\"summary_large_image\" \/>\n<meta name=\"twitter:label1\" content=\"Verfasst von\" \/>\n\t<meta name=\"twitter:data1\" content=\"audima\" \/>\n\t<meta name=\"twitter:label2\" content=\"Gesch\u00e4tzte Lesezeit\" \/>\n\t<meta name=\"twitter:data2\" content=\"1\u00a0Minute\" \/>\n<script type=\"application\/ld+json\" class=\"yoast-schema-graph\">{\"@context\":\"https:\/\/schema.org\",\"@graph\":[{\"@type\":\"NewsArticle\",\"@id\":\"https:\/\/hoerakustik-lehmann.de\/cl\/wir-testen-ihr-gehoer-testen-sie-uns\/#article\",\"isPartOf\":{\"@id\":\"https:\/\/hoerakustik-lehmann.de\/cl\/wir-testen-ihr-gehoer-testen-sie-uns\/\"},\"author\":{\"name\":\"audima\",\"@id\":\"https:\/\/hoerakustik-lehmann.de\/cl\/#\/schema\/person\/4d7b00780407818acdb20174f8352e58\"},\"headline\":\"Wir testen Ihr Geh\u00f6r \u2013 testen Sie uns!\",\"datePublished\":\"2023-05-16T11:44:55+00:00\",\"dateModified\":\"2023-05-16T11:47:33+00:00\",\"mainEntityOfPage\":{\"@id\":\"https:\/\/hoerakustik-lehmann.de\/cl\/wir-testen-ihr-gehoer-testen-sie-uns\/\"},\"wordCount\":242,\"commentCount\":0,\"publisher\":{\"@id\":\"https:\/\/hoerakustik-lehmann.de\/cl\/#organization\"},\"image\":{\"@id\":\"https:\/\/hoerakustik-lehmann.de\/cl\/wir-testen-ihr-gehoer-testen-sie-uns\/#primaryimage\"},\"thumbnailUrl\":\"https:\/\/hoerakustik-lehmann.de\/cl\/wp-content\/uploads\/2023\/05\/pexels-yaroslav-shuraev-8918228.jpg\",\"keywords\":[\"H\u00f6rakustiker\",\"H\u00f6rger\u00e4t kaufen\",\"H\u00f6rger\u00e4te Check Berlin\",\"H\u00f6rsystem\",\"H\u00f6rverlust\",\"schlecht h\u00f6ren im Alter\",\"Schwerh\u00f6rigkeit\"],\"articleSection\":[\"H\u00f6rakustik\"],\"inLanguage\":\"de\",\"potentialAction\":[{\"@type\":\"CommentAction\",\"name\":\"Comment\",\"target\":[\"https:\/\/hoerakustik-lehmann.de\/cl\/wir-testen-ihr-gehoer-testen-sie-uns\/#respond\"]}]},{\"@type\":[\"WebPage\",\"MedicalWebPage\"],\"@id\":\"https:\/\/hoerakustik-lehmann.de\/cl\/wir-testen-ihr-gehoer-testen-sie-uns\/\",\"url\":\"https:\/\/hoerakustik-lehmann.de\/cl\/wir-testen-ihr-gehoer-testen-sie-uns\/\",\"name\":\"Wir testen Ihr Geh\u00f6r \u2013 testen Sie uns! - H\u00f6rger\u00e4te in Berlin - H\u00f6rakustik Lehmann\",\"isPartOf\":{\"@id\":\"https:\/\/hoerakustik-lehmann.de\/cl\/#website\"},\"primaryImageOfPage\":{\"@id\":\"https:\/\/hoerakustik-lehmann.de\/cl\/wir-testen-ihr-gehoer-testen-sie-uns\/#primaryimage\"},\"image\":{\"@id\":\"https:\/\/hoerakustik-lehmann.de\/cl\/wir-testen-ihr-gehoer-testen-sie-uns\/#primaryimage\"},\"thumbnailUrl\":\"https:\/\/hoerakustik-lehmann.de\/cl\/wp-content\/uploads\/2023\/05\/pexels-yaroslav-shuraev-8918228.jpg\",\"datePublished\":\"2023-05-16T11:44:55+00:00\",\"dateModified\":\"2023-05-16T11:47:33+00:00\",\"description\":\"Ab dem 50. Lebensjahr tritt vermehrt eine H\u00f6rminderung namens Altersschwerh\u00f6rigkeit (Presbyakusis) auf, von der in Deutschland jeder f\u00fcnfte zwischen 65 und 74 Jahren betroffen ist.\",\"breadcrumb\":{\"@id\":\"https:\/\/hoerakustik-lehmann.de\/cl\/wir-testen-ihr-gehoer-testen-sie-uns\/#breadcrumb\"},\"inLanguage\":\"de\",\"potentialAction\":[{\"@type\":\"ReadAction\",\"target\":[\"https:\/\/hoerakustik-lehmann.de\/cl\/wir-testen-ihr-gehoer-testen-sie-uns\/\"]}]},{\"@type\":\"ImageObject\",\"inLanguage\":\"de\",\"@id\":\"https:\/\/hoerakustik-lehmann.de\/cl\/wir-testen-ihr-gehoer-testen-sie-uns\/#primaryimage\",\"url\":\"https:\/\/hoerakustik-lehmann.de\/cl\/wp-content\/uploads\/2023\/05\/pexels-yaroslav-shuraev-8918228.jpg\",\"contentUrl\":\"https:\/\/hoerakustik-lehmann.de\/cl\/wp-content\/uploads\/2023\/05\/pexels-yaroslav-shuraev-8918228.jpg\",\"width\":1500,\"height\":1000},{\"@type\":\"BreadcrumbList\",\"@id\":\"https:\/\/hoerakustik-lehmann.de\/cl\/wir-testen-ihr-gehoer-testen-sie-uns\/#breadcrumb\",\"itemListElement\":[{\"@type\":\"ListItem\",\"position\":1,\"name\":\"Startseite\",\"item\":\"https:\/\/hoerakustik-lehmann.de\/cl\/\"},{\"@type\":\"ListItem\",\"position\":2,\"name\":\"Wir testen Ihr Geh\u00f6r \u2013 testen Sie uns!\"}]},{\"@type\":\"WebSite\",\"@id\":\"https:\/\/hoerakustik-lehmann.de\/cl\/#website\",\"url\":\"https:\/\/hoerakustik-lehmann.de\/cl\/\",\"name\":\"H\u00f6rger\u00e4te in Berlin - H\u00f6rakustik Lehmann\",\"description\":\"H\u00f6r-Beratung, H\u00f6rger\u00e4te und Zubeh\u00f6r\",\"publisher\":{\"@id\":\"https:\/\/hoerakustik-lehmann.de\/cl\/#organization\"},\"potentialAction\":[{\"@type\":\"SearchAction\",\"target\":{\"@type\":\"EntryPoint\",\"urlTemplate\":\"https:\/\/hoerakustik-lehmann.de\/cl\/?s={search_term_string}\"},\"query-input\":{\"@type\":\"PropertyValueSpecification\",\"valueRequired\":true,\"valueName\":\"search_term_string\"}}],\"inLanguage\":\"de\"},{\"@type\":[\"Organization\",\"Place\",\"LocalBusiness\"],\"@id\":\"https:\/\/hoerakustik-lehmann.de\/cl\/#organization\",\"name\":\"H\u00f6rakustik Lehmann\",\"url\":\"https:\/\/hoerakustik-lehmann.de\/cl\/\",\"logo\":{\"@id\":\"https:\/\/hoerakustik-lehmann.de\/cl\/wir-testen-ihr-gehoer-testen-sie-uns\/#local-main-organization-logo\"},\"image\":{\"@id\":\"https:\/\/hoerakustik-lehmann.de\/cl\/wir-testen-ihr-gehoer-testen-sie-uns\/#local-main-organization-logo\"},\"address\":{\"@id\":\"https:\/\/hoerakustik-lehmann.de\/cl\/wir-testen-ihr-gehoer-testen-sie-uns\/#local-main-place-address\"},\"telephone\":[\"Tel. 030 \u2013 209 53 833\"],\"openingHoursSpecification\":[{\"@type\":\"OpeningHoursSpecification\",\"dayOfWeek\":[\"Monday\",\"Tuesday\",\"Wednesday\",\"Thursday\"],\"opens\":\"09:00\",\"closes\":\"18:00\"},{\"@type\":\"OpeningHoursSpecification\",\"dayOfWeek\":[\"Friday\"],\"opens\":\"09:00\",\"closes\":\"13:00\"},{\"@type\":\"OpeningHoursSpecification\",\"dayOfWeek\":[\"Saturday\",\"Sunday\"],\"opens\":\"00:00\",\"closes\":\"00:00\"}],\"email\":\"info@hoerakustik-lehmann.de\"},{\"@type\":\"Person\",\"@id\":\"https:\/\/hoerakustik-lehmann.de\/cl\/#\/schema\/person\/4d7b00780407818acdb20174f8352e58\",\"name\":\"audima\",\"image\":{\"@type\":\"ImageObject\",\"inLanguage\":\"de\",\"@id\":\"https:\/\/hoerakustik-lehmann.de\/cl\/#\/schema\/person\/image\/\",\"url\":\"https:\/\/secure.gravatar.com\/avatar\/400b9c84a66ac56740f94e6b9cbf73ad?s=96&d=mm&r=g\",\"contentUrl\":\"https:\/\/secure.gravatar.com\/avatar\/400b9c84a66ac56740f94e6b9cbf73ad?s=96&d=mm&r=g\",\"caption\":\"audima\"}},{\"@type\":\"PostalAddress\",\"@id\":\"https:\/\/hoerakustik-lehmann.de\/cl\/wir-testen-ihr-gehoer-testen-sie-uns\/#local-main-place-address\",\"streetAddress\":\"D\u00f6rpfeldstr. 36\",\"addressLocality\":\"Berlin\",\"postalCode\":\"12489\",\"addressCountry\":\"DE\"},{\"@type\":\"ImageObject\",\"inLanguage\":\"de\",\"@id\":\"https:\/\/hoerakustik-lehmann.de\/cl\/wir-testen-ihr-gehoer-testen-sie-uns\/#local-main-organization-logo\",\"url\":\"https:\/\/hoerakustik-lehmann.de\/cl\/wp-content\/uploads\/2020\/02\/logo2.png\",\"contentUrl\":\"https:\/\/hoerakustik-lehmann.de\/cl\/wp-content\/uploads\/2020\/02\/logo2.png\",\"width\":579,\"height\":181,\"caption\":\"H\u00f6rakustik Lehmann\"}]}<\/script>\n<meta name=\"geo.placename\" content=\"Berlin\" \/>\n<meta name=\"geo.region\" content=\"Deutschland\" \/>\n<!-- \/ Yoast SEO plugin. -->","yoast_head_json":{"title":"Wir testen Ihr Geh\u00f6r \u2013 testen Sie uns! - H\u00f6rger\u00e4te in Berlin - H\u00f6rakustik Lehmann","description":"Ab dem 50. Lebensjahr tritt vermehrt eine H\u00f6rminderung namens Altersschwerh\u00f6rigkeit (Presbyakusis) auf, von der in Deutschland jeder f\u00fcnfte zwischen 65 und 74 Jahren betroffen ist.","robots":{"index":"index","follow":"follow","max-snippet":"max-snippet:-1","max-image-preview":"max-image-preview:large","max-video-preview":"max-video-preview:-1"},"canonical":"https:\/\/hoerakustik-lehmann.de\/cl\/wir-testen-ihr-gehoer-testen-sie-uns\/","og_locale":"de_DE","og_type":"article","og_title":"Wir testen Ihr Geh\u00f6r \u2013 testen Sie uns! - H\u00f6rger\u00e4te in Berlin - H\u00f6rakustik Lehmann","og_description":"Ab dem 50. Lebensjahr tritt vermehrt eine H\u00f6rminderung namens Altersschwerh\u00f6rigkeit (Presbyakusis) auf, von der in Deutschland jeder f\u00fcnfte zwischen 65 und 74 Jahren betroffen ist.","og_url":"https:\/\/hoerakustik-lehmann.de\/cl\/wir-testen-ihr-gehoer-testen-sie-uns\/","og_site_name":"H\u00f6rger\u00e4te in Berlin - H\u00f6rakustik Lehmann","article_published_time":"2023-05-16T11:44:55+00:00","article_modified_time":"2023-05-16T11:47:33+00:00","og_image":[{"width":1500,"height":1000,"url":"https:\/\/hoerakustik-lehmann.de\/cl\/wp-content\/uploads\/2023\/05\/pexels-yaroslav-shuraev-8918228.jpg","type":"image\/jpeg"}],"author":"audima","twitter_card":"summary_large_image","twitter_misc":{"Verfasst von":"audima","Gesch\u00e4tzte Lesezeit":"1\u00a0Minute"},"schema":{"@context":"https:\/\/schema.org","@graph":[{"@type":"NewsArticle","@id":"https:\/\/hoerakustik-lehmann.de\/cl\/wir-testen-ihr-gehoer-testen-sie-uns\/#article","isPartOf":{"@id":"https:\/\/hoerakustik-lehmann.de\/cl\/wir-testen-ihr-gehoer-testen-sie-uns\/"},"author":{"name":"audima","@id":"https:\/\/hoerakustik-lehmann.de\/cl\/#\/schema\/person\/4d7b00780407818acdb20174f8352e58"},"headline":"Wir testen Ihr Geh\u00f6r \u2013 testen Sie uns!","datePublished":"2023-05-16T11:44:55+00:00","dateModified":"2023-05-16T11:47:33+00:00","mainEntityOfPage":{"@id":"https:\/\/hoerakustik-lehmann.de\/cl\/wir-testen-ihr-gehoer-testen-sie-uns\/"},"wordCount":242,"commentCount":0,"publisher":{"@id":"https:\/\/hoerakustik-lehmann.de\/cl\/#organization"},"image":{"@id":"https:\/\/hoerakustik-lehmann.de\/cl\/wir-testen-ihr-gehoer-testen-sie-uns\/#primaryimage"},"thumbnailUrl":"https:\/\/hoerakustik-lehmann.de\/cl\/wp-content\/uploads\/2023\/05\/pexels-yaroslav-shuraev-8918228.jpg","keywords":["H\u00f6rakustiker","H\u00f6rger\u00e4t kaufen","H\u00f6rger\u00e4te Check Berlin","H\u00f6rsystem","H\u00f6rverlust","schlecht h\u00f6ren im Alter","Schwerh\u00f6rigkeit"],"articleSection":["H\u00f6rakustik"],"inLanguage":"de","potentialAction":[{"@type":"CommentAction","name":"Comment","target":["https:\/\/hoerakustik-lehmann.de\/cl\/wir-testen-ihr-gehoer-testen-sie-uns\/#respond"]}]},{"@type":["WebPage","MedicalWebPage"],"@id":"https:\/\/hoerakustik-lehmann.de\/cl\/wir-testen-ihr-gehoer-testen-sie-uns\/","url":"https:\/\/hoerakustik-lehmann.de\/cl\/wir-testen-ihr-gehoer-testen-sie-uns\/","name":"Wir testen Ihr Geh\u00f6r \u2013 testen Sie uns! - H\u00f6rger\u00e4te in Berlin - H\u00f6rakustik Lehmann","isPartOf":{"@id":"https:\/\/hoerakustik-lehmann.de\/cl\/#website"},"primaryImageOfPage":{"@id":"https:\/\/hoerakustik-lehmann.de\/cl\/wir-testen-ihr-gehoer-testen-sie-uns\/#primaryimage"},"image":{"@id":"https:\/\/hoerakustik-lehmann.de\/cl\/wir-testen-ihr-gehoer-testen-sie-uns\/#primaryimage"},"thumbnailUrl":"https:\/\/hoerakustik-lehmann.de\/cl\/wp-content\/uploads\/2023\/05\/pexels-yaroslav-shuraev-8918228.jpg","datePublished":"2023-05-16T11:44:55+00:00","dateModified":"2023-05-16T11:47:33+00:00","description":"Ab dem 50. Lebensjahr tritt vermehrt eine H\u00f6rminderung namens Altersschwerh\u00f6rigkeit (Presbyakusis) auf, von der in Deutschland jeder f\u00fcnfte zwischen 65 und 74 Jahren betroffen ist.","breadcrumb":{"@id":"https:\/\/hoerakustik-lehmann.de\/cl\/wir-testen-ihr-gehoer-testen-sie-uns\/#breadcrumb"},"inLanguage":"de","potentialAction":[{"@type":"ReadAction","target":["https:\/\/hoerakustik-lehmann.de\/cl\/wir-testen-ihr-gehoer-testen-sie-uns\/"]}]},{"@type":"ImageObject","inLanguage":"de","@id":"https:\/\/hoerakustik-lehmann.de\/cl\/wir-testen-ihr-gehoer-testen-sie-uns\/#primaryimage","url":"https:\/\/hoerakustik-lehmann.de\/cl\/wp-content\/uploads\/2023\/05\/pexels-yaroslav-shuraev-8918228.jpg","contentUrl":"https:\/\/hoerakustik-lehmann.de\/cl\/wp-content\/uploads\/2023\/05\/pexels-yaroslav-shuraev-8918228.jpg","width":1500,"height":1000},{"@type":"BreadcrumbList","@id":"https:\/\/hoerakustik-lehmann.de\/cl\/wir-testen-ihr-gehoer-testen-sie-uns\/#breadcrumb","itemListElement":[{"@type":"ListItem","position":1,"name":"Startseite","item":"https:\/\/hoerakustik-lehmann.de\/cl\/"},{"@type":"ListItem","position":2,"name":"Wir testen Ihr Geh\u00f6r \u2013 testen Sie uns!"}]},{"@type":"WebSite","@id":"https:\/\/hoerakustik-lehmann.de\/cl\/#website","url":"https:\/\/hoerakustik-lehmann.de\/cl\/","name":"H\u00f6rger\u00e4te in Berlin - H\u00f6rakustik Lehmann","description":"H\u00f6r-Beratung, H\u00f6rger\u00e4te und Zubeh\u00f6r","publisher":{"@id":"https:\/\/hoerakustik-lehmann.de\/cl\/#organization"},"potentialAction":[{"@type":"SearchAction","target":{"@type":"EntryPoint","urlTemplate":"https:\/\/hoerakustik-lehmann.de\/cl\/?s={search_term_string}"},"query-input":{"@type":"PropertyValueSpecification","valueRequired":true,"valueName":"search_term_string"}}],"inLanguage":"de"},{"@type":["Organization","Place","LocalBusiness"],"@id":"https:\/\/hoerakustik-lehmann.de\/cl\/#organization","name":"H\u00f6rakustik Lehmann","url":"https:\/\/hoerakustik-lehmann.de\/cl\/","logo":{"@id":"https:\/\/hoerakustik-lehmann.de\/cl\/wir-testen-ihr-gehoer-testen-sie-uns\/#local-main-organization-logo"},"image":{"@id":"https:\/\/hoerakustik-lehmann.de\/cl\/wir-testen-ihr-gehoer-testen-sie-uns\/#local-main-organization-logo"},"address":{"@id":"https:\/\/hoerakustik-lehmann.de\/cl\/wir-testen-ihr-gehoer-testen-sie-uns\/#local-main-place-address"},"telephone":["Tel. 030 \u2013 209 53 833"],"openingHoursSpecification":[{"@type":"OpeningHoursSpecification","dayOfWeek":["Monday","Tuesday","Wednesday","Thursday"],"opens":"09:00","closes":"18:00"},{"@type":"OpeningHoursSpecification","dayOfWeek":["Friday"],"opens":"09:00","closes":"13:00"},{"@type":"OpeningHoursSpecification","dayOfWeek":["Saturday","Sunday"],"opens":"00:00","closes":"00:00"}],"email":"info@hoerakustik-lehmann.de"},{"@type":"Person","@id":"https:\/\/hoerakustik-lehmann.de\/cl\/#\/schema\/person\/4d7b00780407818acdb20174f8352e58","name":"audima","image":{"@type":"ImageObject","inLanguage":"de","@id":"https:\/\/hoerakustik-lehmann.de\/cl\/#\/schema\/person\/image\/","url":"https:\/\/secure.gravatar.com\/avatar\/400b9c84a66ac56740f94e6b9cbf73ad?s=96&d=mm&r=g","contentUrl":"https:\/\/secure.gravatar.com\/avatar\/400b9c84a66ac56740f94e6b9cbf73ad?s=96&d=mm&r=g","caption":"audima"}},{"@type":"PostalAddress","@id":"https:\/\/hoerakustik-lehmann.de\/cl\/wir-testen-ihr-gehoer-testen-sie-uns\/#local-main-place-address","streetAddress":"D\u00f6rpfeldstr. 36","addressLocality":"Berlin","postalCode":"12489","addressCountry":"DE"},{"@type":"ImageObject","inLanguage":"de","@id":"https:\/\/hoerakustik-lehmann.de\/cl\/wir-testen-ihr-gehoer-testen-sie-uns\/#local-main-organization-logo","url":"https:\/\/hoerakustik-lehmann.de\/cl\/wp-content\/uploads\/2020\/02\/logo2.png","contentUrl":"https:\/\/hoerakustik-lehmann.de\/cl\/wp-content\/uploads\/2020\/02\/logo2.png","width":579,"height":181,"caption":"H\u00f6rakustik Lehmann"}]},"geo.placename":"Berlin","geo.region":"Deutschland"},"_links":{"self":[{"href":"https:\/\/hoerakustik-lehmann.de\/cl\/wp-json\/wp\/v2\/posts\/1019"}],"collection":[{"href":"https:\/\/hoerakustik-lehmann.de\/cl\/wp-json\/wp\/v2\/posts"}],"about":[{"href":"https:\/\/hoerakustik-lehmann.de\/cl\/wp-json\/wp\/v2\/types\/post"}],"author":[{"embeddable":true,"href":"https:\/\/hoerakustik-lehmann.de\/cl\/wp-json\/wp\/v2\/users\/1"}],"replies":[{"embeddable":true,"href":"https:\/\/hoerakustik-lehmann.de\/cl\/wp-json\/wp\/v2\/comments?post=1019"}],"version-history":[{"count":1,"href":"https:\/\/hoerakustik-lehmann.de\/cl\/wp-json\/wp\/v2\/posts\/1019\/revisions"}],"predecessor-version":[{"id":1021,"href":"https:\/\/hoerakustik-lehmann.de\/cl\/wp-json\/wp\/v2\/posts\/1019\/revisions\/1021"}],"wp:featuredmedia":[{"embeddable":true,"href":"https:\/\/hoerakustik-lehmann.de\/cl\/wp-json\/wp\/v2\/media\/1020"}],"wp:attachment":[{"href":"https:\/\/hoerakustik-lehmann.de\/cl\/wp-json\/wp\/v2\/media?parent=1019"}],"wp:term":[{"taxonomy":"category","embeddable":true,"href":"https:\/\/hoerakustik-lehmann.de\/cl\/wp-json\/wp\/v2\/categories?post=1019"},{"taxonomy":"post_tag","embeddable":true,"href":"https:\/\/hoerakustik-lehmann.de\/cl\/wp-json\/wp\/v2\/tags?post=1019"}],"curies":[{"name":"wp","href":"https:\/\/api.w.org\/{rel}","templated":true}]}}