{"id":1014,"date":"2023-04-18T12:51:13","date_gmt":"2023-04-18T10:51:13","guid":{"rendered":"https:\/\/hoerakustik-lehmann.de\/cl\/?p=1014"},"modified":"2023-04-18T12:51:47","modified_gmt":"2023-04-18T10:51:47","slug":"wenn-das-gehoer-nachlaesst-ursachen-und-loesungen-bei-altersschwerhoerigkeit","status":"publish","type":"post","link":"https:\/\/hoerakustik-lehmann.de\/cl\/wenn-das-gehoer-nachlaesst-ursachen-und-loesungen-bei-altersschwerhoerigkeit\/","title":{"rendered":"Wenn das Geh\u00f6r nachl\u00e4sst: Ursachen und L\u00f6sungen bei Altersschwerh\u00f6rigkeit"},"content":{"rendered":"<p>Ab dem 50. Lebensjahr tritt vermehrt eine H\u00f6rminderung namens Altersschwerh\u00f6rigkeit (Presbyakusis) auf, von der in Deutschland jeder f\u00fcnfte zwischen 65 und 74 Jahren betroffen ist. Diese Schwerh\u00f6rigkeit betrifft vor allem die hohen Frequenzen und tritt oft beidseitig auf. Altersbedingte k\u00f6rperliche Verschlei\u00dferscheinungen sind die Hauptursache, da die f\u00fcr das H\u00f6ren notwendigen Haarzellen im Innenohr bei zu gro\u00dfer Schwingung nicht mehr regenerieren k\u00f6nnen. Es gibt jedoch auch andere Faktoren wie Herz-Kreislauf- und Stoffwechselerkrankungen, L\u00e4rm, genetische Faktoren, Nikotin-Konsum, Bluthochdruck und Diabetes, die Altersschwerh\u00f6rigkeit beg\u00fcnstigen k\u00f6nnen. Ein H\u00f6rtest bei einem HNO-Arzt oder H\u00f6rakustiker kann bei Symptomen kostenlos durchgef\u00fchrt werden, um festzustellen, ob ein H\u00f6rverlust vorliegt und H\u00f6rsysteme helfen k\u00f6nnen. Diese sind eine Kassenleistung, wenn sie durch einen HNO-Arzt verschrieben wurden, und k\u00f6nnen das restliche H\u00f6rverm\u00f6gen erhalten und die Lebensqualit\u00e4t verbessern.<\/p>\n<p>Wir laden Sie herzlich dazu ein, uns zu besuchen und unseren kostenlosen H\u00f6rtest zu nutzen, der nur 15 Minuten dauert und ein aussagekr\u00e4ftiges Audiogramm zur H\u00f6rleistung liefert. Mit diesem Ergebnis k\u00f6nnen wir gemeinsam besprechen, ob eine Altersschwerh\u00f6rigkeit vorliegt und ob H\u00f6rger\u00e4te helfen k\u00f6nnen. Z\u00f6gern Sie nicht, uns zu kontaktieren und einen <a href=\"https:\/\/hoerakustik-lehmann.de\/cl\/kontakt\/\">Termin zu vereinbaren.<\/a><\/p>\n<p>&nbsp;<\/p>\n<p>Wir freuen uns auf Sie!<\/p>\n<p>&nbsp;<\/p>\n<p>&nbsp;<\/p>\n<p>Bild: unsplash<\/p>\n","protected":false},"excerpt":{"rendered":"<p>Ab dem 50. Lebensjahr tritt vermehrt eine H\u00f6rminderung namens Altersschwerh\u00f6rigkeit (Presbyakusis) auf, von der in Deutschland jeder f\u00fcnfte zwischen 65 und 74 Jahren betroffen ist. Diese Schwerh\u00f6rigkeit betrifft vor allem die hohen Frequenzen und tritt oft beidseitig auf. Altersbedingte k\u00f6rperliche Verschlei\u00dferscheinungen sind die Hauptursache, da die f\u00fcr das H\u00f6ren notwendigen Haarzellen im Innenohr bei zu [&hellip;]<\/p>\n","protected":false},"author":1,"featured_media":1015,"comment_status":"open","ping_status":"open","sticky":false,"template":"","format":"standard","meta":{"_mi_skip_tracking":false,"_monsterinsights_sitenote_active":false,"_monsterinsights_sitenote_note":"","_monsterinsights_sitenote_category":0,"footnotes":""},"categories":[3],"tags":[37,32,28,38,36,40,39],"class_list":["post-1014","post","type-post","status-publish","format-standard","has-post-thumbnail","hentry","category-hoerakustik","tag-hoerakustiker","tag-hoergeraet-kaufen","tag-hoergeraete-check-berlin","tag-hoersystem","tag-hoerverlust","tag-schlecht-hoeren-im-alter","tag-schwerhoerigkeit"],"yoast_head":"<!-- This site is optimized with the Yoast SEO plugin v25.3.1 - https:\/\/yoast.com\/wordpress\/plugins\/seo\/ -->\n<title>Wenn das Geh\u00f6r nachl\u00e4sst: Ursachen und L\u00f6sungen bei Altersschwerh\u00f6rigkeit - H\u00f6rger\u00e4te in Berlin - H\u00f6rakustik Lehmann<\/title>\n<meta name=\"description\" content=\"Ab dem 50. Lebensjahr tritt vermehrt eine H\u00f6rminderung namens Altersschwerh\u00f6rigkeit (Presbyakusis) auf, von der in Deutschland jeder f\u00fcnfte zwischen 65 und 74 Jahren betroffen ist.\" \/>\n<meta name=\"robots\" content=\"index, follow, max-snippet:-1, max-image-preview:large, max-video-preview:-1\" \/>\n<link rel=\"canonical\" href=\"https:\/\/hoerakustik-lehmann.de\/cl\/wenn-das-gehoer-nachlaesst-ursachen-und-loesungen-bei-altersschwerhoerigkeit\/\" \/>\n<meta property=\"og:locale\" content=\"de_DE\" \/>\n<meta property=\"og:type\" content=\"article\" \/>\n<meta property=\"og:title\" content=\"Wenn das Geh\u00f6r nachl\u00e4sst: Ursachen und L\u00f6sungen bei Altersschwerh\u00f6rigkeit - H\u00f6rger\u00e4te in Berlin - H\u00f6rakustik Lehmann\" \/>\n<meta property=\"og:description\" content=\"Ab dem 50. Lebensjahr tritt vermehrt eine H\u00f6rminderung namens Altersschwerh\u00f6rigkeit (Presbyakusis) auf, von der in Deutschland jeder f\u00fcnfte zwischen 65 und 74 Jahren betroffen ist.\" \/>\n<meta property=\"og:url\" content=\"https:\/\/hoerakustik-lehmann.de\/cl\/wenn-das-gehoer-nachlaesst-ursachen-und-loesungen-bei-altersschwerhoerigkeit\/\" \/>\n<meta property=\"og:site_name\" content=\"H\u00f6rger\u00e4te in Berlin - H\u00f6rakustik Lehmann\" \/>\n<meta property=\"article:published_time\" content=\"2023-04-18T10:51:13+00:00\" \/>\n<meta property=\"article:modified_time\" content=\"2023-04-18T10:51:47+00:00\" \/>\n<meta property=\"og:image\" content=\"https:\/\/hoerakustik-lehmann.de\/cl\/wp-content\/uploads\/2023\/04\/artem-beliaikin-j5almo1e8ru-unsplash-scaled.jpg\" \/>\n\t<meta property=\"og:image:width\" content=\"2560\" \/>\n\t<meta property=\"og:image:height\" content=\"1707\" \/>\n\t<meta property=\"og:image:type\" content=\"image\/jpeg\" \/>\n<meta name=\"author\" content=\"audima\" \/>\n<meta name=\"twitter:card\" content=\"summary_large_image\" \/>\n<meta name=\"twitter:label1\" content=\"Verfasst von\" \/>\n\t<meta name=\"twitter:data1\" content=\"audima\" \/>\n\t<meta name=\"twitter:label2\" content=\"Gesch\u00e4tzte Lesezeit\" \/>\n\t<meta name=\"twitter:data2\" content=\"1\u00a0Minute\" \/>\n<script type=\"application\/ld+json\" class=\"yoast-schema-graph\">{\"@context\":\"https:\/\/schema.org\",\"@graph\":[{\"@type\":\"NewsArticle\",\"@id\":\"https:\/\/hoerakustik-lehmann.de\/cl\/wenn-das-gehoer-nachlaesst-ursachen-und-loesungen-bei-altersschwerhoerigkeit\/#article\",\"isPartOf\":{\"@id\":\"https:\/\/hoerakustik-lehmann.de\/cl\/wenn-das-gehoer-nachlaesst-ursachen-und-loesungen-bei-altersschwerhoerigkeit\/\"},\"author\":{\"name\":\"audima\",\"@id\":\"https:\/\/hoerakustik-lehmann.de\/cl\/#\/schema\/person\/4d7b00780407818acdb20174f8352e58\"},\"headline\":\"Wenn das Geh\u00f6r nachl\u00e4sst: Ursachen und L\u00f6sungen bei Altersschwerh\u00f6rigkeit\",\"datePublished\":\"2023-04-18T10:51:13+00:00\",\"dateModified\":\"2023-04-18T10:51:47+00:00\",\"mainEntityOfPage\":{\"@id\":\"https:\/\/hoerakustik-lehmann.de\/cl\/wenn-das-gehoer-nachlaesst-ursachen-und-loesungen-bei-altersschwerhoerigkeit\/\"},\"wordCount\":232,\"commentCount\":0,\"publisher\":{\"@id\":\"https:\/\/hoerakustik-lehmann.de\/cl\/#organization\"},\"image\":{\"@id\":\"https:\/\/hoerakustik-lehmann.de\/cl\/wenn-das-gehoer-nachlaesst-ursachen-und-loesungen-bei-altersschwerhoerigkeit\/#primaryimage\"},\"thumbnailUrl\":\"https:\/\/hoerakustik-lehmann.de\/cl\/wp-content\/uploads\/2023\/04\/artem-beliaikin-j5almo1e8ru-unsplash-scaled.jpg\",\"keywords\":[\"H\u00f6rakustiker\",\"H\u00f6rger\u00e4t kaufen\",\"H\u00f6rger\u00e4te Check Berlin\",\"H\u00f6rsystem\",\"H\u00f6rverlust\",\"schlecht h\u00f6ren im Alter\",\"Schwerh\u00f6rigkeit\"],\"articleSection\":[\"H\u00f6rakustik\"],\"inLanguage\":\"de\",\"potentialAction\":[{\"@type\":\"CommentAction\",\"name\":\"Comment\",\"target\":[\"https:\/\/hoerakustik-lehmann.de\/cl\/wenn-das-gehoer-nachlaesst-ursachen-und-loesungen-bei-altersschwerhoerigkeit\/#respond\"]}]},{\"@type\":[\"WebPage\",\"MedicalWebPage\"],\"@id\":\"https:\/\/hoerakustik-lehmann.de\/cl\/wenn-das-gehoer-nachlaesst-ursachen-und-loesungen-bei-altersschwerhoerigkeit\/\",\"url\":\"https:\/\/hoerakustik-lehmann.de\/cl\/wenn-das-gehoer-nachlaesst-ursachen-und-loesungen-bei-altersschwerhoerigkeit\/\",\"name\":\"Wenn das Geh\u00f6r nachl\u00e4sst: Ursachen und L\u00f6sungen bei Altersschwerh\u00f6rigkeit - H\u00f6rger\u00e4te in Berlin - H\u00f6rakustik Lehmann\",\"isPartOf\":{\"@id\":\"https:\/\/hoerakustik-lehmann.de\/cl\/#website\"},\"primaryImageOfPage\":{\"@id\":\"https:\/\/hoerakustik-lehmann.de\/cl\/wenn-das-gehoer-nachlaesst-ursachen-und-loesungen-bei-altersschwerhoerigkeit\/#primaryimage\"},\"image\":{\"@id\":\"https:\/\/hoerakustik-lehmann.de\/cl\/wenn-das-gehoer-nachlaesst-ursachen-und-loesungen-bei-altersschwerhoerigkeit\/#primaryimage\"},\"thumbnailUrl\":\"https:\/\/hoerakustik-lehmann.de\/cl\/wp-content\/uploads\/2023\/04\/artem-beliaikin-j5almo1e8ru-unsplash-scaled.jpg\",\"datePublished\":\"2023-04-18T10:51:13+00:00\",\"dateModified\":\"2023-04-18T10:51:47+00:00\",\"description\":\"Ab dem 50. Lebensjahr tritt vermehrt eine H\u00f6rminderung namens Altersschwerh\u00f6rigkeit (Presbyakusis) auf, von der in Deutschland jeder f\u00fcnfte zwischen 65 und 74 Jahren betroffen ist.\",\"breadcrumb\":{\"@id\":\"https:\/\/hoerakustik-lehmann.de\/cl\/wenn-das-gehoer-nachlaesst-ursachen-und-loesungen-bei-altersschwerhoerigkeit\/#breadcrumb\"},\"inLanguage\":\"de\",\"potentialAction\":[{\"@type\":\"ReadAction\",\"target\":[\"https:\/\/hoerakustik-lehmann.de\/cl\/wenn-das-gehoer-nachlaesst-ursachen-und-loesungen-bei-altersschwerhoerigkeit\/\"]}]},{\"@type\":\"ImageObject\",\"inLanguage\":\"de\",\"@id\":\"https:\/\/hoerakustik-lehmann.de\/cl\/wenn-das-gehoer-nachlaesst-ursachen-und-loesungen-bei-altersschwerhoerigkeit\/#primaryimage\",\"url\":\"https:\/\/hoerakustik-lehmann.de\/cl\/wp-content\/uploads\/2023\/04\/artem-beliaikin-j5almo1e8ru-unsplash-scaled.jpg\",\"contentUrl\":\"https:\/\/hoerakustik-lehmann.de\/cl\/wp-content\/uploads\/2023\/04\/artem-beliaikin-j5almo1e8ru-unsplash-scaled.jpg\",\"width\":2560,\"height\":1707},{\"@type\":\"BreadcrumbList\",\"@id\":\"https:\/\/hoerakustik-lehmann.de\/cl\/wenn-das-gehoer-nachlaesst-ursachen-und-loesungen-bei-altersschwerhoerigkeit\/#breadcrumb\",\"itemListElement\":[{\"@type\":\"ListItem\",\"position\":1,\"name\":\"Startseite\",\"item\":\"https:\/\/hoerakustik-lehmann.de\/cl\/\"},{\"@type\":\"ListItem\",\"position\":2,\"name\":\"Wenn das Geh\u00f6r nachl\u00e4sst: Ursachen und L\u00f6sungen bei Altersschwerh\u00f6rigkeit\"}]},{\"@type\":\"WebSite\",\"@id\":\"https:\/\/hoerakustik-lehmann.de\/cl\/#website\",\"url\":\"https:\/\/hoerakustik-lehmann.de\/cl\/\",\"name\":\"H\u00f6rger\u00e4te in Berlin - H\u00f6rakustik Lehmann\",\"description\":\"H\u00f6r-Beratung, H\u00f6rger\u00e4te und Zubeh\u00f6r\",\"publisher\":{\"@id\":\"https:\/\/hoerakustik-lehmann.de\/cl\/#organization\"},\"potentialAction\":[{\"@type\":\"SearchAction\",\"target\":{\"@type\":\"EntryPoint\",\"urlTemplate\":\"https:\/\/hoerakustik-lehmann.de\/cl\/?s={search_term_string}\"},\"query-input\":{\"@type\":\"PropertyValueSpecification\",\"valueRequired\":true,\"valueName\":\"search_term_string\"}}],\"inLanguage\":\"de\"},{\"@type\":[\"Organization\",\"Place\",\"LocalBusiness\"],\"@id\":\"https:\/\/hoerakustik-lehmann.de\/cl\/#organization\",\"name\":\"H\u00f6rakustik Lehmann\",\"url\":\"https:\/\/hoerakustik-lehmann.de\/cl\/\",\"logo\":{\"@id\":\"https:\/\/hoerakustik-lehmann.de\/cl\/wenn-das-gehoer-nachlaesst-ursachen-und-loesungen-bei-altersschwerhoerigkeit\/#local-main-organization-logo\"},\"image\":{\"@id\":\"https:\/\/hoerakustik-lehmann.de\/cl\/wenn-das-gehoer-nachlaesst-ursachen-und-loesungen-bei-altersschwerhoerigkeit\/#local-main-organization-logo\"},\"address\":{\"@id\":\"https:\/\/hoerakustik-lehmann.de\/cl\/wenn-das-gehoer-nachlaesst-ursachen-und-loesungen-bei-altersschwerhoerigkeit\/#local-main-place-address\"},\"telephone\":[\"Tel. 030 \u2013 209 53 833\"],\"openingHoursSpecification\":[{\"@type\":\"OpeningHoursSpecification\",\"dayOfWeek\":[\"Monday\",\"Tuesday\",\"Wednesday\",\"Thursday\"],\"opens\":\"09:00\",\"closes\":\"18:00\"},{\"@type\":\"OpeningHoursSpecification\",\"dayOfWeek\":[\"Friday\"],\"opens\":\"09:00\",\"closes\":\"13:00\"},{\"@type\":\"OpeningHoursSpecification\",\"dayOfWeek\":[\"Saturday\",\"Sunday\"],\"opens\":\"00:00\",\"closes\":\"00:00\"}],\"email\":\"info@hoerakustik-lehmann.de\"},{\"@type\":\"Person\",\"@id\":\"https:\/\/hoerakustik-lehmann.de\/cl\/#\/schema\/person\/4d7b00780407818acdb20174f8352e58\",\"name\":\"audima\",\"image\":{\"@type\":\"ImageObject\",\"inLanguage\":\"de\",\"@id\":\"https:\/\/hoerakustik-lehmann.de\/cl\/#\/schema\/person\/image\/\",\"url\":\"https:\/\/secure.gravatar.com\/avatar\/400b9c84a66ac56740f94e6b9cbf73ad?s=96&d=mm&r=g\",\"contentUrl\":\"https:\/\/secure.gravatar.com\/avatar\/400b9c84a66ac56740f94e6b9cbf73ad?s=96&d=mm&r=g\",\"caption\":\"audima\"}},{\"@type\":\"PostalAddress\",\"@id\":\"https:\/\/hoerakustik-lehmann.de\/cl\/wenn-das-gehoer-nachlaesst-ursachen-und-loesungen-bei-altersschwerhoerigkeit\/#local-main-place-address\",\"streetAddress\":\"D\u00f6rpfeldstr. 36\",\"addressLocality\":\"Berlin\",\"postalCode\":\"12489\",\"addressCountry\":\"DE\"},{\"@type\":\"ImageObject\",\"inLanguage\":\"de\",\"@id\":\"https:\/\/hoerakustik-lehmann.de\/cl\/wenn-das-gehoer-nachlaesst-ursachen-und-loesungen-bei-altersschwerhoerigkeit\/#local-main-organization-logo\",\"url\":\"https:\/\/hoerakustik-lehmann.de\/cl\/wp-content\/uploads\/2020\/02\/logo2.png\",\"contentUrl\":\"https:\/\/hoerakustik-lehmann.de\/cl\/wp-content\/uploads\/2020\/02\/logo2.png\",\"width\":579,\"height\":181,\"caption\":\"H\u00f6rakustik Lehmann\"}]}<\/script>\n<meta name=\"geo.placename\" content=\"Berlin\" \/>\n<meta name=\"geo.region\" content=\"Deutschland\" \/>\n<!-- \/ Yoast SEO plugin. -->","yoast_head_json":{"title":"Wenn das Geh\u00f6r nachl\u00e4sst: Ursachen und L\u00f6sungen bei Altersschwerh\u00f6rigkeit - H\u00f6rger\u00e4te in Berlin - H\u00f6rakustik Lehmann","description":"Ab dem 50. Lebensjahr tritt vermehrt eine H\u00f6rminderung namens Altersschwerh\u00f6rigkeit (Presbyakusis) auf, von der in Deutschland jeder f\u00fcnfte zwischen 65 und 74 Jahren betroffen ist.","robots":{"index":"index","follow":"follow","max-snippet":"max-snippet:-1","max-image-preview":"max-image-preview:large","max-video-preview":"max-video-preview:-1"},"canonical":"https:\/\/hoerakustik-lehmann.de\/cl\/wenn-das-gehoer-nachlaesst-ursachen-und-loesungen-bei-altersschwerhoerigkeit\/","og_locale":"de_DE","og_type":"article","og_title":"Wenn das Geh\u00f6r nachl\u00e4sst: Ursachen und L\u00f6sungen bei Altersschwerh\u00f6rigkeit - H\u00f6rger\u00e4te in Berlin - H\u00f6rakustik Lehmann","og_description":"Ab dem 50. Lebensjahr tritt vermehrt eine H\u00f6rminderung namens Altersschwerh\u00f6rigkeit (Presbyakusis) auf, von der in Deutschland jeder f\u00fcnfte zwischen 65 und 74 Jahren betroffen ist.","og_url":"https:\/\/hoerakustik-lehmann.de\/cl\/wenn-das-gehoer-nachlaesst-ursachen-und-loesungen-bei-altersschwerhoerigkeit\/","og_site_name":"H\u00f6rger\u00e4te in Berlin - H\u00f6rakustik Lehmann","article_published_time":"2023-04-18T10:51:13+00:00","article_modified_time":"2023-04-18T10:51:47+00:00","og_image":[{"width":2560,"height":1707,"url":"https:\/\/hoerakustik-lehmann.de\/cl\/wp-content\/uploads\/2023\/04\/artem-beliaikin-j5almo1e8ru-unsplash-scaled.jpg","type":"image\/jpeg"}],"author":"audima","twitter_card":"summary_large_image","twitter_misc":{"Verfasst von":"audima","Gesch\u00e4tzte Lesezeit":"1\u00a0Minute"},"schema":{"@context":"https:\/\/schema.org","@graph":[{"@type":"NewsArticle","@id":"https:\/\/hoerakustik-lehmann.de\/cl\/wenn-das-gehoer-nachlaesst-ursachen-und-loesungen-bei-altersschwerhoerigkeit\/#article","isPartOf":{"@id":"https:\/\/hoerakustik-lehmann.de\/cl\/wenn-das-gehoer-nachlaesst-ursachen-und-loesungen-bei-altersschwerhoerigkeit\/"},"author":{"name":"audima","@id":"https:\/\/hoerakustik-lehmann.de\/cl\/#\/schema\/person\/4d7b00780407818acdb20174f8352e58"},"headline":"Wenn das Geh\u00f6r nachl\u00e4sst: Ursachen und L\u00f6sungen bei Altersschwerh\u00f6rigkeit","datePublished":"2023-04-18T10:51:13+00:00","dateModified":"2023-04-18T10:51:47+00:00","mainEntityOfPage":{"@id":"https:\/\/hoerakustik-lehmann.de\/cl\/wenn-das-gehoer-nachlaesst-ursachen-und-loesungen-bei-altersschwerhoerigkeit\/"},"wordCount":232,"commentCount":0,"publisher":{"@id":"https:\/\/hoerakustik-lehmann.de\/cl\/#organization"},"image":{"@id":"https:\/\/hoerakustik-lehmann.de\/cl\/wenn-das-gehoer-nachlaesst-ursachen-und-loesungen-bei-altersschwerhoerigkeit\/#primaryimage"},"thumbnailUrl":"https:\/\/hoerakustik-lehmann.de\/cl\/wp-content\/uploads\/2023\/04\/artem-beliaikin-j5almo1e8ru-unsplash-scaled.jpg","keywords":["H\u00f6rakustiker","H\u00f6rger\u00e4t kaufen","H\u00f6rger\u00e4te Check Berlin","H\u00f6rsystem","H\u00f6rverlust","schlecht h\u00f6ren im Alter","Schwerh\u00f6rigkeit"],"articleSection":["H\u00f6rakustik"],"inLanguage":"de","potentialAction":[{"@type":"CommentAction","name":"Comment","target":["https:\/\/hoerakustik-lehmann.de\/cl\/wenn-das-gehoer-nachlaesst-ursachen-und-loesungen-bei-altersschwerhoerigkeit\/#respond"]}]},{"@type":["WebPage","MedicalWebPage"],"@id":"https:\/\/hoerakustik-lehmann.de\/cl\/wenn-das-gehoer-nachlaesst-ursachen-und-loesungen-bei-altersschwerhoerigkeit\/","url":"https:\/\/hoerakustik-lehmann.de\/cl\/wenn-das-gehoer-nachlaesst-ursachen-und-loesungen-bei-altersschwerhoerigkeit\/","name":"Wenn das Geh\u00f6r nachl\u00e4sst: Ursachen und L\u00f6sungen bei Altersschwerh\u00f6rigkeit - H\u00f6rger\u00e4te in Berlin - H\u00f6rakustik Lehmann","isPartOf":{"@id":"https:\/\/hoerakustik-lehmann.de\/cl\/#website"},"primaryImageOfPage":{"@id":"https:\/\/hoerakustik-lehmann.de\/cl\/wenn-das-gehoer-nachlaesst-ursachen-und-loesungen-bei-altersschwerhoerigkeit\/#primaryimage"},"image":{"@id":"https:\/\/hoerakustik-lehmann.de\/cl\/wenn-das-gehoer-nachlaesst-ursachen-und-loesungen-bei-altersschwerhoerigkeit\/#primaryimage"},"thumbnailUrl":"https:\/\/hoerakustik-lehmann.de\/cl\/wp-content\/uploads\/2023\/04\/artem-beliaikin-j5almo1e8ru-unsplash-scaled.jpg","datePublished":"2023-04-18T10:51:13+00:00","dateModified":"2023-04-18T10:51:47+00:00","description":"Ab dem 50. Lebensjahr tritt vermehrt eine H\u00f6rminderung namens Altersschwerh\u00f6rigkeit (Presbyakusis) auf, von der in Deutschland jeder f\u00fcnfte zwischen 65 und 74 Jahren betroffen ist.","breadcrumb":{"@id":"https:\/\/hoerakustik-lehmann.de\/cl\/wenn-das-gehoer-nachlaesst-ursachen-und-loesungen-bei-altersschwerhoerigkeit\/#breadcrumb"},"inLanguage":"de","potentialAction":[{"@type":"ReadAction","target":["https:\/\/hoerakustik-lehmann.de\/cl\/wenn-das-gehoer-nachlaesst-ursachen-und-loesungen-bei-altersschwerhoerigkeit\/"]}]},{"@type":"ImageObject","inLanguage":"de","@id":"https:\/\/hoerakustik-lehmann.de\/cl\/wenn-das-gehoer-nachlaesst-ursachen-und-loesungen-bei-altersschwerhoerigkeit\/#primaryimage","url":"https:\/\/hoerakustik-lehmann.de\/cl\/wp-content\/uploads\/2023\/04\/artem-beliaikin-j5almo1e8ru-unsplash-scaled.jpg","contentUrl":"https:\/\/hoerakustik-lehmann.de\/cl\/wp-content\/uploads\/2023\/04\/artem-beliaikin-j5almo1e8ru-unsplash-scaled.jpg","width":2560,"height":1707},{"@type":"BreadcrumbList","@id":"https:\/\/hoerakustik-lehmann.de\/cl\/wenn-das-gehoer-nachlaesst-ursachen-und-loesungen-bei-altersschwerhoerigkeit\/#breadcrumb","itemListElement":[{"@type":"ListItem","position":1,"name":"Startseite","item":"https:\/\/hoerakustik-lehmann.de\/cl\/"},{"@type":"ListItem","position":2,"name":"Wenn das Geh\u00f6r nachl\u00e4sst: Ursachen und L\u00f6sungen bei Altersschwerh\u00f6rigkeit"}]},{"@type":"WebSite","@id":"https:\/\/hoerakustik-lehmann.de\/cl\/#website","url":"https:\/\/hoerakustik-lehmann.de\/cl\/","name":"H\u00f6rger\u00e4te in Berlin - H\u00f6rakustik Lehmann","description":"H\u00f6r-Beratung, H\u00f6rger\u00e4te und Zubeh\u00f6r","publisher":{"@id":"https:\/\/hoerakustik-lehmann.de\/cl\/#organization"},"potentialAction":[{"@type":"SearchAction","target":{"@type":"EntryPoint","urlTemplate":"https:\/\/hoerakustik-lehmann.de\/cl\/?s={search_term_string}"},"query-input":{"@type":"PropertyValueSpecification","valueRequired":true,"valueName":"search_term_string"}}],"inLanguage":"de"},{"@type":["Organization","Place","LocalBusiness"],"@id":"https:\/\/hoerakustik-lehmann.de\/cl\/#organization","name":"H\u00f6rakustik Lehmann","url":"https:\/\/hoerakustik-lehmann.de\/cl\/","logo":{"@id":"https:\/\/hoerakustik-lehmann.de\/cl\/wenn-das-gehoer-nachlaesst-ursachen-und-loesungen-bei-altersschwerhoerigkeit\/#local-main-organization-logo"},"image":{"@id":"https:\/\/hoerakustik-lehmann.de\/cl\/wenn-das-gehoer-nachlaesst-ursachen-und-loesungen-bei-altersschwerhoerigkeit\/#local-main-organization-logo"},"address":{"@id":"https:\/\/hoerakustik-lehmann.de\/cl\/wenn-das-gehoer-nachlaesst-ursachen-und-loesungen-bei-altersschwerhoerigkeit\/#local-main-place-address"},"telephone":["Tel. 030 \u2013 209 53 833"],"openingHoursSpecification":[{"@type":"OpeningHoursSpecification","dayOfWeek":["Monday","Tuesday","Wednesday","Thursday"],"opens":"09:00","closes":"18:00"},{"@type":"OpeningHoursSpecification","dayOfWeek":["Friday"],"opens":"09:00","closes":"13:00"},{"@type":"OpeningHoursSpecification","dayOfWeek":["Saturday","Sunday"],"opens":"00:00","closes":"00:00"}],"email":"info@hoerakustik-lehmann.de"},{"@type":"Person","@id":"https:\/\/hoerakustik-lehmann.de\/cl\/#\/schema\/person\/4d7b00780407818acdb20174f8352e58","name":"audima","image":{"@type":"ImageObject","inLanguage":"de","@id":"https:\/\/hoerakustik-lehmann.de\/cl\/#\/schema\/person\/image\/","url":"https:\/\/secure.gravatar.com\/avatar\/400b9c84a66ac56740f94e6b9cbf73ad?s=96&d=mm&r=g","contentUrl":"https:\/\/secure.gravatar.com\/avatar\/400b9c84a66ac56740f94e6b9cbf73ad?s=96&d=mm&r=g","caption":"audima"}},{"@type":"PostalAddress","@id":"https:\/\/hoerakustik-lehmann.de\/cl\/wenn-das-gehoer-nachlaesst-ursachen-und-loesungen-bei-altersschwerhoerigkeit\/#local-main-place-address","streetAddress":"D\u00f6rpfeldstr. 36","addressLocality":"Berlin","postalCode":"12489","addressCountry":"DE"},{"@type":"ImageObject","inLanguage":"de","@id":"https:\/\/hoerakustik-lehmann.de\/cl\/wenn-das-gehoer-nachlaesst-ursachen-und-loesungen-bei-altersschwerhoerigkeit\/#local-main-organization-logo","url":"https:\/\/hoerakustik-lehmann.de\/cl\/wp-content\/uploads\/2020\/02\/logo2.png","contentUrl":"https:\/\/hoerakustik-lehmann.de\/cl\/wp-content\/uploads\/2020\/02\/logo2.png","width":579,"height":181,"caption":"H\u00f6rakustik Lehmann"}]},"geo.placename":"Berlin","geo.region":"Deutschland"},"_links":{"self":[{"href":"https:\/\/hoerakustik-lehmann.de\/cl\/wp-json\/wp\/v2\/posts\/1014"}],"collection":[{"href":"https:\/\/hoerakustik-lehmann.de\/cl\/wp-json\/wp\/v2\/posts"}],"about":[{"href":"https:\/\/hoerakustik-lehmann.de\/cl\/wp-json\/wp\/v2\/types\/post"}],"author":[{"embeddable":true,"href":"https:\/\/hoerakustik-lehmann.de\/cl\/wp-json\/wp\/v2\/users\/1"}],"replies":[{"embeddable":true,"href":"https:\/\/hoerakustik-lehmann.de\/cl\/wp-json\/wp\/v2\/comments?post=1014"}],"version-history":[{"count":2,"href":"https:\/\/hoerakustik-lehmann.de\/cl\/wp-json\/wp\/v2\/posts\/1014\/revisions"}],"predecessor-version":[{"id":1017,"href":"https:\/\/hoerakustik-lehmann.de\/cl\/wp-json\/wp\/v2\/posts\/1014\/revisions\/1017"}],"wp:featuredmedia":[{"embeddable":true,"href":"https:\/\/hoerakustik-lehmann.de\/cl\/wp-json\/wp\/v2\/media\/1015"}],"wp:attachment":[{"href":"https:\/\/hoerakustik-lehmann.de\/cl\/wp-json\/wp\/v2\/media?parent=1014"}],"wp:term":[{"taxonomy":"category","embeddable":true,"href":"https:\/\/hoerakustik-lehmann.de\/cl\/wp-json\/wp\/v2\/categories?post=1014"},{"taxonomy":"post_tag","embeddable":true,"href":"https:\/\/hoerakustik-lehmann.de\/cl\/wp-json\/wp\/v2\/tags?post=1014"}],"curies":[{"name":"wp","href":"https:\/\/api.w.org\/{rel}","templated":true}]}}